{"id":10898,"date":"2015-09-30T15:21:52","date_gmt":"2015-09-30T13:21:52","guid":{"rendered":"https:\/\/politicasdelamemoria.org\/?p=10898"},"modified":"2015-10-29T10:52:23","modified_gmt":"2015-10-29T09:52:23","slug":"video-recordings-of-the-conference-body-science-memory-and-politics-in-contemporary-exhumations","status":"publish","type":"post","link":"https:\/\/politicasdelamemoria.org\/en\/2015\/09\/video-recordings-of-the-conference-body-science-memory-and-politics-in-contemporary-exhumations\/","title":{"rendered":"Video recordings of the conference &#8220;Body, science, memory and politics in contemporary exhumations&#8221;"},"content":{"rendered":"<p><a href=\"https:\/\/politicasdelamemoria.org\/wp-content\/uploads\/2015\/06\/CI_RR_english-jpg.jpg\"><img loading=\"lazy\" decoding=\"async\" class=\"wp-image-10680 size-medium alignleft\" src=\"https:\/\/politicasdelamemoria.org\/wp-content\/uploads\/2015\/06\/CI_RR_english-jpg-212x300.jpg\" alt=\"\" width=\"212\" height=\"300\" srcset=\"https:\/\/politicasdelamemoria.org\/wp-content\/uploads\/2015\/06\/CI_RR_english-jpg-212x300.jpg 212w, https:\/\/politicasdelamemoria.org\/wp-content\/uploads\/2015\/06\/CI_RR_english-jpg-730x1030.jpg 730w, https:\/\/politicasdelamemoria.org\/wp-content\/uploads\/2015\/06\/CI_RR_english-jpg-1062x1500.jpg 1062w, https:\/\/politicasdelamemoria.org\/wp-content\/uploads\/2015\/06\/CI_RR_english-jpg-499x705.jpg 499w, https:\/\/politicasdelamemoria.org\/wp-content\/uploads\/2015\/06\/CI_RR_english-jpg-450x635.jpg 450w, https:\/\/politicasdelamemoria.org\/wp-content\/uploads\/2015\/06\/CI_RR_english-jpg.jpg 2008w\" sizes=\"auto, (max-width: 212px) 100vw, 212px\" \/><\/a><strong>International conference <\/strong><\/p>\n<h3><em><strong><strong>Body, Science, Memory and Politics in Contemporary Exhumations<\/strong> <\/strong><\/em><\/h3>\n<p><strong>CCHS-CSIC<strong>, sal\u00f3n de actos. <\/strong><\/strong><\/p>\n<p><strong><strong>Madrid, 2015, July 2 and 3.<br \/>\n<\/strong><\/strong><\/p>\n<p>Chairperson: Francisco Ferr\u00e1ndiz (CSIC)<\/p>\n<p>Scientific Committee: Lee Douglas (NYU\/CSIC), Francisco Etxeberria (UPV-EHU\/ ARANZADI), Marije Hristova (U Maastricht), Zo\u00e9 de Kerangat (CSIC\/UAM), Juli\u00e1n L\u00f3pez (UNED), M.Laura Mart\u00edn-Chiappe (CSIC\/UAM), Alfonso Villalta (UNED).<\/p>\n<p>&nbsp;<\/p>\n<p>&nbsp;<\/p>\n<h3>Keynote speech:<\/h3>\n<p><strong>Jorge Gonz\u00e1lez<\/strong> (UCM La Habana) Rescuing the remains of Che Guevara (Spanish)<\/p>\n<p>&nbsp;<\/p>\n<div class='avia-iframe-wrap'><iframe loading=\"lazy\" width=\"1333\" height=\"1000\" src=\"https:\/\/www.youtube.com\/embed\/qIMwSTfJtjo?feature=oembed\" frameborder=\"0\" allowfullscreen><\/iframe><\/div>\n<p>&nbsp;<\/p>\n<h3>Session 1:\u00a0Exhumed bodies and Human Rights<\/h3>\n<p><strong>Stephanie Golob<\/strong> (CUNY-Baruch) The once and future citizen: Exhumed bodies within domestic, regional and international legal frameworks<\/p>\n<p><strong>Carlos Beristain<\/strong> (U Deusto) Bodies and truth commissions (Spanish)<\/p>\n<p><strong>Oran Finegan<\/strong> (ICRC) Principles and recommendations for humanitarian forensic actions: Experiences with the International Committee of the Red Cross (Spanish)<\/p>\n<p><strong>Alejandro Baer<\/strong> (U Minnesota) and <strong>Natan Sznaider<\/strong> (AC Tel-Aviv) Truth and testimony: From text to bones in Holocaust memory<\/p>\n<p>&nbsp;<\/p>\n<div class='avia-iframe-wrap'><iframe loading=\"lazy\" width=\"1333\" height=\"1000\" src=\"https:\/\/www.youtube.com\/embed\/3j5Aly9pdSE?feature=oembed\" frameborder=\"0\" allowfullscreen><\/iframe><\/div>\n<p>&nbsp;<\/p>\n<h3>Session 2:\u00a0Exhumed bodies: Case studies<\/h3>\n<p><strong>Paloma Aguilar<\/strong> (UNED) and\u00a0<strong>Francisco Ferr\u00e1ndiz<\/strong> (CSIC) Exhumations and the press during Spain\u2019s transition to democracy: The case of \u2018Intervi\u00fa\u2019 (Spanish)<\/p>\n<p><strong>Sarah Wagner<\/strong> (GWU) Innovation and intervention: The forensic work of identifying Srebrenica\u2019s missing, twenty years on<\/p>\n<p><strong>\u00c1ngel del R\u00edo<\/strong> (UPO) Uncomfortable bodies in Andalusia (Spanish)<\/p>\n<p><strong>Queralt Sol\u00e9<\/strong> (UB) Bodily politics in the Civil War Battlefields of Catalonia (Spanish)<\/p>\n<p>&nbsp;<\/p>\n<div class='avia-iframe-wrap'><iframe loading=\"lazy\" width=\"1333\" height=\"1000\" src=\"https:\/\/www.youtube.com\/embed\/t2uAtoSRLyw?feature=oembed\" frameborder=\"0\" allowfullscreen><\/iframe><\/div>\n<p>&nbsp;<\/p>\n<h3>Session 3:\u00a0Techno-scientific bodies<\/h3>\n<p><strong>Zoe Crossland<\/strong> (U Columbia) Testifying bodies<\/p>\n<p><strong>Paco Etxeberr\u00eda, Lourdes Herrasti<\/strong> and<strong> Luis R\u00edos<\/strong> (Aranzadi) Exhumations and forensic labs (Spanish)<\/p>\n<p><strong>Elisabeth Anstett<\/strong> (CNRS) About the \u2018necro-market\u2019 and the globalisation of mass exhumations<\/p>\n<p><strong>Luis Fondebrider<\/strong> (EAAF) Trans-migrant bodies in Mexico (Spanish)<\/p>\n<p>&nbsp;<\/p>\n<div class='avia-iframe-wrap'><iframe loading=\"lazy\" width=\"1333\" height=\"1000\" src=\"https:\/\/www.youtube.com\/embed\/o5hEoEDtil4?feature=oembed\" frameborder=\"0\" allowfullscreen><\/iframe><\/div>\n<p>&nbsp;<\/p>\n<h3>Session 4:\u00a0Bodies as social processes<\/h3>\n<p><strong>Jean-Marc Dreyfus<\/strong> (U Manchester) A diplomacy of corpses after WWII<\/p>\n<p><strong>Francisco Ferr\u00e1ndiz<\/strong> (CSIC) From tears to pixels: Emotional transfer during Spanish exhumations (Spanish)<\/p>\n<p><strong>Mar\u00eda Garc\u00eda<\/strong> (UNED) From body to relic (Spanish)<\/p>\n<p>&nbsp;<\/p>\n<div class='avia-iframe-wrap'><iframe loading=\"lazy\" width=\"1333\" height=\"1000\" src=\"https:\/\/www.youtube.com\/embed\/uGqyvXst_fU?feature=oembed\" frameborder=\"0\" allowfullscreen><\/iframe><\/div>\n<p>&nbsp;<\/p>\n<h3>Session 5:\u00a0Bodies as cultural productions<\/h3>\n<p><strong>Antonius C.G.M. Robben<\/strong> (U Utrecht) Sovereign bodies: The cultural production of disappearance and re-appearance in Argentina<\/p>\n<p><strong>Lee Douglas<\/strong> (NYU\/CSIC) What remains: Reflections of documentary practice, the language of cinema and the narration of violence<\/p>\n<p><strong>Marije Hristova<\/strong> (U Maastricht) Literature: From ghost to body (Spanish)<\/p>\n<p><strong>Germ\u00e1n Labrador<\/strong> (Princeton U) and <strong>Ulrike Capdep\u00f3n<\/strong> (U Columbia) From exhumed to evicted (Spanish)<\/p>\n<p>&nbsp;<\/p>\n<div class='avia-iframe-wrap'><iframe loading=\"lazy\" width=\"1333\" height=\"1000\" src=\"https:\/\/www.youtube.com\/embed\/rjXjWXFXByM?feature=oembed\" frameborder=\"0\" allowfullscreen><\/iframe><\/div>\n","protected":false},"excerpt":{"rendered":"<p>International conference Body, Science, Memory and Politics in Contemporary Exhumations CCHS-CSIC, sal\u00f3n de actos. Madrid, 2015, July 2 and 3. Chairperson: Francisco Ferr\u00e1ndiz (CSIC) Scientific Committee: Lee Douglas (NYU\/CSIC), Francisco Etxeberria (UPV-EHU\/ ARANZADI), Marije Hristova (U Maastricht), Zo\u00e9 de Kerangat (CSIC\/UAM), Juli\u00e1n L\u00f3pez (UNED), M.Laura Mart\u00edn-Chiappe (CSIC\/UAM), Alfonso Villalta (UNED). &nbsp; &nbsp; Keynote speech: Jorge [&hellip;]<\/p>\n","protected":false},"author":4,"featured_media":11037,"comment_status":"open","ping_status":"closed","sticky":false,"template":"","format":"standard","meta":{"footnotes":""},"categories":[401,602,603],"tags":[],"class_list":["post-10898","post","type-post","status-publish","format-standard","has-post-thumbnail","hentry","category-news","category-enfaces-and-traces-of-violence-lecture-series-en","category-team-activities","has-post-video"],"_links":{"self":[{"href":"https:\/\/politicasdelamemoria.org\/en\/wp-json\/wp\/v2\/posts\/10898","targetHints":{"allow":["GET"]}}],"collection":[{"href":"https:\/\/politicasdelamemoria.org\/en\/wp-json\/wp\/v2\/posts"}],"about":[{"href":"https:\/\/politicasdelamemoria.org\/en\/wp-json\/wp\/v2\/types\/post"}],"author":[{"embeddable":true,"href":"https:\/\/politicasdelamemoria.org\/en\/wp-json\/wp\/v2\/users\/4"}],"replies":[{"embeddable":true,"href":"https:\/\/politicasdelamemoria.org\/en\/wp-json\/wp\/v2\/comments?post=10898"}],"version-history":[{"count":1,"href":"https:\/\/politicasdelamemoria.org\/en\/wp-json\/wp\/v2\/posts\/10898\/revisions"}],"predecessor-version":[{"id":20339,"href":"https:\/\/politicasdelamemoria.org\/en\/wp-json\/wp\/v2\/posts\/10898\/revisions\/20339"}],"wp:featuredmedia":[{"embeddable":true,"href":"https:\/\/politicasdelamemoria.org\/en\/wp-json\/wp\/v2\/media\/11037"}],"wp:attachment":[{"href":"https:\/\/politicasdelamemoria.org\/en\/wp-json\/wp\/v2\/media?parent=10898"}],"wp:term":[{"taxonomy":"category","embeddable":true,"href":"https:\/\/politicasdelamemoria.org\/en\/wp-json\/wp\/v2\/categories?post=10898"},{"taxonomy":"post_tag","embeddable":true,"href":"https:\/\/politicasdelamemoria.org\/en\/wp-json\/wp\/v2\/tags?post=10898"}],"curies":[{"name":"wp","href":"https:\/\/api.w.org\/{rel}","templated":true}]}}