{"id":13331,"date":"2016-11-08T15:49:03","date_gmt":"2016-11-08T14:49:03","guid":{"rendered":"https:\/\/politicasdelamemoria.org\/?p=13331\/"},"modified":"2020-05-21T19:56:47","modified_gmt":"2020-05-21T17:56:47","slug":"de-la-exhumacion-de-cuerpos-al-conocimiento-historico","status":"publish","type":"post","link":"https:\/\/politicasdelamemoria.org\/en\/2016\/11\/de-la-exhumacion-de-cuerpos-al-conocimiento-historico\/","title":{"rendered":"De la exhumaci\u00f3n de cuerpos al conocimiento hist\u00f3rico"},"content":{"rendered":"<div class='avia-iframe-wrap'><iframe loading=\"lazy\" title=\"De la exhumaci\u00f3n de cuerpos al conocimiento hist\u00f3rico. Confer\u00e8ncia de Laura Mu\u00f1oz Encinar\" width=\"1500\" height=\"844\" src=\"https:\/\/www.youtube.com\/embed\/y2psAjCCv80?feature=oembed\" frameborder=\"0\" allow=\"accelerometer; autoplay; encrypted-media; gyroscope; picture-in-picture\" allowfullscreen><\/iframe><\/div>\n<p><img loading=\"lazy\" decoding=\"async\" class=\"wp-image-12081 size-medium alignleft\" src=\"https:\/\/politicasdelamemoria.org\/wp-content\/uploads\/2016\/11\/14980607_1437617659586127_6107952241798020294_n-1-212x300.jpg\" width=\"212\" height=\"300\" srcset=\"https:\/\/politicasdelamemoria.org\/wp-content\/uploads\/2016\/11\/14980607_1437617659586127_6107952241798020294_n-1-212x300.jpg 212w, https:\/\/politicasdelamemoria.org\/wp-content\/uploads\/2016\/11\/14980607_1437617659586127_6107952241798020294_n-1-499x705.jpg 499w, https:\/\/politicasdelamemoria.org\/wp-content\/uploads\/2016\/11\/14980607_1437617659586127_6107952241798020294_n-1-450x636.jpg 450w, https:\/\/politicasdelamemoria.org\/wp-content\/uploads\/2016\/11\/14980607_1437617659586127_6107952241798020294_n-1.jpg 679w\" sizes=\"auto, (max-width: 212px) 100vw, 212px\" \/><\/p>\n<p><strong>Conference (in Spanish) by<\/strong><\/p>\n<div><b><span style=\"color: #000000; font-family: Calibri, sans-serif; font-size: xx-large;\">Laura Mu\u00f1oz Encinar<\/span><\/b><\/div>\n<div><b><span style=\"color: #000000;\">(Dra. en Historia,\u00a0especialista en Arqueolog\u00eda de los conflictos contempor\u00e1neos y Antropolog\u00eda forense)<\/span><\/b><\/div>\n<div><span style=\"color: #000000;\"><span style=\"font-family: Arial;\">\u00a0<\/span><\/span><\/div>\n<div><\/div>\n<div><\/div>\n<div><\/div>\n<div><span style=\"color: #000000;\"><span style=\"font-family: Arial;\">\u00a0<\/span><\/span><\/div>\n<div>\n<div>\n<div><strong>November 8, \u00a02016<\/strong><\/div>\n<div><strong>18:00 \u2013 20:00 hours<\/strong><\/div>\n<div><\/div>\n<\/div>\n<\/div>\n<div><\/div>\n<div><\/div>\n<div>\n<div>\n<div>Aula 219<br \/>\nFacultat de Geografia i Hist\u00f2ria &#8211; UB<br \/>\nC\/Montalegre n\u00ba 6\u00a0Barcelona<br \/>\nMetro Universitat\u00a0&amp; Catalunya<\/div>\n<\/div>\n<p>&nbsp;<\/p>\n<div>\n<p><strong><a href=\"https:\/\/www.google.es\/maps\/place\/Facultat+de+Geografia+i+Hist\u00f2ria,+Universitat+de+Barcelona,+Carrer+de+Montalegre,+6,+08001+Barcelona\/@41.384147,2.166877,16z\/data=!4m2!3m1!1s0x12a4a2f4f9cc85c9:0xf0bd50b697103508\" target=\"_blank\" rel=\"noopener noreferrer\">\u00bfHow to get there?<\/a><\/strong><\/p>\n<\/div>\n<div><span style=\"color: #000000;\">\u00a0<\/span><\/div>\n<\/div>\n<div><\/div>\n<div><\/div>\n","protected":false},"excerpt":{"rendered":"<p>Conference (in Spanish) by Laura Mu\u00f1oz Encinar (Dra. en Historia,\u00a0especialista en Arqueolog\u00eda de los conflictos contempor\u00e1neos y Antropolog\u00eda forense) \u00a0 \u00a0 November 8, \u00a02016 18:00 \u2013 20:00 hours Aula 219 Facultat de Geografia i Hist\u00f2ria &#8211; UB C\/Montalegre n\u00ba 6\u00a0Barcelona Metro Universitat\u00a0&amp; Catalunya &nbsp; \u00bfHow to get there? \u00a0<\/p>\n","protected":false},"author":11,"featured_media":12082,"comment_status":"open","ping_status":"closed","sticky":false,"template":"","format":"standard","meta":{"footnotes":""},"categories":[601,725],"tags":[],"class_list":["post-13331","post","type-post","status-publish","format-standard","has-post-thumbnail","hentry","category-events","category-faces-and-traces-of-violence-lecture-series-barcelona"],"_links":{"self":[{"href":"https:\/\/politicasdelamemoria.org\/en\/wp-json\/wp\/v2\/posts\/13331","targetHints":{"allow":["GET"]}}],"collection":[{"href":"https:\/\/politicasdelamemoria.org\/en\/wp-json\/wp\/v2\/posts"}],"about":[{"href":"https:\/\/politicasdelamemoria.org\/en\/wp-json\/wp\/v2\/types\/post"}],"author":[{"embeddable":true,"href":"https:\/\/politicasdelamemoria.org\/en\/wp-json\/wp\/v2\/users\/11"}],"replies":[{"embeddable":true,"href":"https:\/\/politicasdelamemoria.org\/en\/wp-json\/wp\/v2\/comments?post=13331"}],"version-history":[{"count":4,"href":"https:\/\/politicasdelamemoria.org\/en\/wp-json\/wp\/v2\/posts\/13331\/revisions"}],"predecessor-version":[{"id":19652,"href":"https:\/\/politicasdelamemoria.org\/en\/wp-json\/wp\/v2\/posts\/13331\/revisions\/19652"}],"wp:featuredmedia":[{"embeddable":true,"href":"https:\/\/politicasdelamemoria.org\/en\/wp-json\/wp\/v2\/media\/12082"}],"wp:attachment":[{"href":"https:\/\/politicasdelamemoria.org\/en\/wp-json\/wp\/v2\/media?parent=13331"}],"wp:term":[{"taxonomy":"category","embeddable":true,"href":"https:\/\/politicasdelamemoria.org\/en\/wp-json\/wp\/v2\/categories?post=13331"},{"taxonomy":"post_tag","embeddable":true,"href":"https:\/\/politicasdelamemoria.org\/en\/wp-json\/wp\/v2\/tags?post=13331"}],"curies":[{"name":"wp","href":"https:\/\/api.w.org\/{rel}","templated":true}]}}