{"id":14099,"date":"2016-12-19T13:18:26","date_gmt":"2016-12-19T12:18:26","guid":{"rendered":"https:\/\/politicasdelamemoria.org\/?p=14099"},"modified":"2022-02-01T21:04:03","modified_gmt":"2022-02-01T20:04:03","slug":"ulrike-capdepon-2","status":"publish","type":"post","link":"https:\/\/politicasdelamemoria.org\/en\/2016\/12\/ulrike-capdepon-2\/","title":{"rendered":"Ulrike Capdep\u00f3n"},"content":{"rendered":"<p><img loading=\"lazy\" decoding=\"async\" class=\"wp-image-17490 alignleft\" src=\"https:\/\/politicasdelamemoria.org\/wp-content\/uploads\/2016\/10\/collage_ULRIKE-300x113.jpg\" alt=\"\" width=\"438\" height=\"165\" srcset=\"https:\/\/politicasdelamemoria.org\/wp-content\/uploads\/2016\/10\/collage_ULRIKE-300x113.jpg 300w, https:\/\/politicasdelamemoria.org\/wp-content\/uploads\/2016\/10\/collage_ULRIKE-705x264.jpg 705w, https:\/\/politicasdelamemoria.org\/wp-content\/uploads\/2016\/10\/collage_ULRIKE-450x169.jpg 450w, https:\/\/politicasdelamemoria.org\/wp-content\/uploads\/2016\/10\/collage_ULRIKE.jpg 800w\" sizes=\"auto, (max-width: 438px) 100vw, 438px\" \/><\/p>\n<p align=\"justify\">Ulrike Capdepon holds a PhD in Political Sciences from the University of Hamburg (Germany, 2011). She is an Associate Researcher at the Institute of Latin American Studies (ILAS) of the German Institute of Global and Area Studies (GIGA). After leaving the graduate school, she has been a Marie Curie-Fellow at the Center for Human Science and Humanities (CCHS) of the Spanish National Research Council (CSIC) in Madrid, an Otto-Bennmann Fellow at the Georg Eckert Institute for International Textbook Research in Braunschweig and a Postdoctoral Research Fellow at the University of Konstanz in the European Research Council Project \u201cNarratives of Terror and Disappearance in Argentina\u201d. From 2014 to 2016, Dr. Capdepon was a DAAD Postdoctoral Research Scholar affiliated to the Institute for the Study of Human Rights (ISHR) at Columbia University in New York City. Currently, she is a Visiting Faculty in the Program in Latin American Studies (PLAS), Princeton University (USA).<\/p>\n<p align=\"justify\">Her research interests include Human Rights policies and memory studies in Latin America and Spain, as well as national and international prosecutions of human rights crimes and enforced disappearance. Capdepon has published widely about the politics of the past, especially in Latin America\u2019s Southern Cone and Spain, for different academic audiences in English, German and Spanish. She is the author of the book <em>From the Pinochet Case to the <\/em>desaparecidos<em> of the Spanish Civil War. Coming to terms with the dictatorships\u2019 past and Human Rights Violations in Chile and Spain.<\/em> [Vom Fall Pinochet zu den Verschwundenen des Spanischen B\u00fcrgerkrieges: Die Auseinandersetzung mit Diktatur und Menschenrechtsverletzungen in Chile und Spanien] (Global Studies, Transcript) and of a substantial number of research papers and book chapters.<\/p>\n<p align=\"justify\">E-mail: <a href=\"&#x6d;&#x61;&#x69;&#x6c;&#x74;&#x6f;&#x3a;&#x75;&#x6c;&#x72;&#x69;&#x6b;&#x65;&#x2e;&#x63;&#x61;&#x70;&#x64;&#x65;&#x70;&#x6f;&#x6e;&#x40;&#x67;&#x69;&#x67;&#x61;&#x2d;&#x68;&#x61;&#x6d;&#x62;&#x75;&#x72;&#x67;&#x2e;&#x64;&#x65;\">&#117;&#108;&#x72;&#x69;&#107;&#101;&#x2e;&#x63;&#97;&#112;&#x64;&#x65;&#112;&#111;&#x6e;&#x40;&#103;&#105;&#x67;&#x61;&#45;&#104;&#x61;&#x6d;&#98;&#117;&#x72;&#x67;&#46;&#100;&#x65;<\/a><\/p>\n<p><div  class='avia-button-wrap av-189ep6b-ea0093f9d7af87c9f4fdb2a5ef7193b7-wrap avia-button-center  avia-builder-el-0  el_before_av_button  avia-builder-el-first '><a href='https:\/\/www.giga-hamburg.de\/en\/team\/capdep%C3%B3n'  class='avia-button av-189ep6b-ea0093f9d7af87c9f4fdb2a5ef7193b7 av-link-btn avia-icon_select-yes-left-icon avia-size-medium avia-position-center avia-color-theme-color'  target=\"_blank\"  rel=\"noopener noreferrer\"  aria-label=\"GIGA\"><span class='avia_button_icon avia_button_icon_left avia-iconfont avia-font-entypo-fontello' data-av_icon='\ue80a' data-av_iconfont='entypo-fontello' ><\/span><span class='avia_iconbox_title' >GIGA<\/span><\/a><\/div> <div  class='avia-button-wrap av-tqfjeb-77df2ab0c0bf74645e70d48f6ef1b65b-wrap avia-button-center  avia-builder-el-1  el_after_av_button  avia-builder-el-last '><a href='https:\/\/plas.princeton.edu\/people\/ulrike-capdepon'  class='avia-button av-tqfjeb-77df2ab0c0bf74645e70d48f6ef1b65b av-link-btn avia-icon_select-yes-left-icon avia-size-medium avia-position-center avia-color-theme-color'  target=\"_blank\"  rel=\"noopener noreferrer\"  aria-label=\"Princeton\"><span class='avia_button_icon avia_button_icon_left avia-iconfont avia-font-entypo-fontello' data-av_icon='\ue80a' data-av_iconfont='entypo-fontello' ><\/span><span class='avia_iconbox_title' >Princeton<\/span><\/a><\/div><\/p>\n<p>&nbsp;<\/p>\n<p><strong>Publications (selection)<\/strong><\/p>\n<p><strong>Book<\/strong><\/p>\n<p><em>Vom Fall Pinochet zu den Verschwundenen des Spanischen B\u00fcrgerkrieges: Die Auseinandersetzung mit Diktatur und Menschenrechtsverletzungen in Chile und Spanien<\/em> [From the Pinochet Case to the <em>desaparecidos<\/em> of the Spanish Civil War. Coming to Terms with the Dictatorships\u2019 Past and Human Rights Violations in Chile and Spain]. PhD publication. Global Studies, Transcript: Bielefeld, pp. 376, 2015.<\/p>\n<p><strong>Review Articles<\/strong><\/p>\n<p>\u201cDie juristische Aufarbeitung der franquistischen Verbrechen in Argentinien: Von der Straflosigkeit zur universellen Gerichtsbarkeit<em>.<\/em>\u201d [Coming to Terms with the Franco Crimes in Argentina. From Impunity to Universal Jurisdiction]. In: <em>Informationen. Wissenschaftliche Zeitschrift des Studienkreises Deutscher Widerstand<\/em>, <em>Spanischer B\u00fcrgerkrieg. <\/em><em>Geschichte und Gegenwart<\/em>, No. 83, p. 7-11<em>, <\/em>2016.<\/p>\n<p>\u201cDictatorship and Human Rights Violations in Latin America. Coming to Terms with the Past in Chile and Argentina\u201d. In:<em> Art &amp; Thought, Fikrun Wa Fann.<\/em> <em>Cultural Magazine for the Dialogue with the Arabic World<\/em> (Journal of the Goethe-Institute) Special Issue on \u201cComing to Terms with the Past\u201d, No. 98, p. 31-36, January 2013 (also published in Arabic and Farsi), online:<a href=\"https:\/\/www.znf.uni-hamburg.de\/media\/documents\/peacebuilding\/fruehere-semester\/2013-friedensbildung-praesentationen-19122013-spaete-gerechtigkeit-text.pdf\">https:\/\/www.znf.uni-hamburg.de\/media\/documents\/peacebuilding\/fruehere-semester\/2013-friedensbildung-praesentationen-19122013-spaete-gerechtigkeit-text.pdf<\/a><\/p>\n<p>\u201cThe Influence of Human Rights Discourses and Practices from the Southern Cone on the Confrontation with the Franco Dictatorship in Spain.\u201d In: <em>Human Security Perspectives<\/em>, No. 1, p. 84-90, October 2011, online:<\/p>\n<p><a href=\"http:\/\/www.hs-perspectives.etc-graz.at\/typo3\/fileadmin\/user_upload\/ETC-Hauptseite\/human_security\/hs-perspectives\/pdffiles\/issue1_2011\/CAPDEPON_Artikel.pdf\">http:\/\/www.hs-perspectives.etc-graz.at\/typo3\/fileadmin\/user_upload\/ETC-Hauptseite\/human_security\/hs-perspectives\/pdffiles\/issue1_2011\/CAPDEPON_Artikel.pdf <\/a><\/p>\n<p>\u201cDer \u00f6ffentliche Umgang mit der Franco-Diktatur in Spanien\u201d [Public Remembrance of the Franco Dictatorship in Spain]. In: <em>Aus Politik und Zeitgeschichte<\/em> (APuZ), Bundeszentrale f\u00fcr politische Bildung, No. 36, p. 33-38, September 2010, online: <a href=\"http:\/\/www.bpb.de\/publikationen\/H4P8MZ,0,Der_%F6ffentliche_Umgang_mit_der_FrancoDiktatur.html\">http:\/\/www.bpb.de\/publikationen\/H4P8MZ,0,Der_%F6ffentliche_Umgang_mit_der_FrancoDiktatur.html<\/a><\/p>\n<p>\u201cDie Verschwundenen des Spanischen B\u00fcrgerkriegs: Zwischen globalen Normen und lokalen Erinnerungsdiskursen\u201d [The Disappeared from the Spanish Civil War: Between Global Norms and Local Memory Discourses]. In: <em>WeltTrends. Zeitschrift f\u00fcr internationale Politik<\/em>, No. 68, pp. 13-18, September 2009.<\/p>\n<p>\u201cLa memoria de la Guerra Civil espa\u00f1ola a los setenta a\u00f1os de su comienzo\u201d [The Memory of the Spanish Civil War Sixty Years After its Beginning]. In: <em>Iberoamericana<\/em>. <em>Am\u00e9rica Latina\u2013Espa\u00f1a\u2013Portugal<\/em>, No. 25, pp. 184-189, May 2007, online:<\/p>\n<p><a href=\"http:\/\/www.iai.spk-berlin.de\/fileadmin\/dokumentenbibliothek\/Iberoamericana\/2007\/Nr_25\/25_Capdepon.pdf\">http:\/\/www.iai.spk-berlin.de\/fileadmin\/dokumentenbibliothek\/Iberoamericana\/2007\/Nr_25\/25_Capdepon.pdf<\/a><\/p>\n<p><strong>Book Chapters<\/strong><\/p>\n<p>\u201cThe Selectivity of Universal Jurisdiction: The History of Transnational Human Rights Prosecutions in Latin America and Spain<em>.<\/em>\u201d In: Quataert, Jean H.\/Wildenthal, Lora (eds.): <em>The History of Human Rights,<\/em> Routledge Edited Volume: New York (forthcoming).<\/p>\n<p>\u201cMemorias familiares, identidades reprimidas y la vida pol\u00edtica de los cad\u00e1veres: El significado actual de las narrativas de parentesco en las exhumaciones de la Guerra Civil espa\u00f1ola\u201d [Family Memories, Repressed Identities and the Political Life of Dead Bodies<em>.<\/em> The Current Significance of Kinship Narratives at Exhumations from the Spanish Civil War]. In: Gatti, Gabriel\/Mahlke, Kirsten (eds.): <em>V\u00edctimas, sangre y filiaci\u00f3n en contextos culturales ib\u00e9rico(americano)s<\/em> [Victims, Blood and Filiation in Ibero(American) Contexts]. Verfuert, Iberoamericana: Frankfurt a. M. (forthcoming).<\/p>\n<p>\u201cLa \u2018Querella Argentina\u2019 y la represi\u00f3n franquista: memorias locales, procesos de justicia transnacionales y \u2018efectos rebote\u2019\u201d, In: Winter, Ulrich (ed.): Transiciones\u00a0 democr\u00e1ticas en la pen\u00ednsula ib\u00e9rica y el Cono Sur. La emergencia de espacios transnacionales de memoria. Topos, conceptos y discursos [Democratic Transitions in the Iberian Peninsula and the Southern Cone. The Emergence of Transnational Memory Spaces]. Peter Lang, Estudios hisp\u00e1nicos en el contexto global: Frankfurt a. \u00a0M. (forthcoming).<\/p>\n<p>\u201cSpaniens \u00dcbergang zur Demokratie und Westintegration: Von der ausbleibenden<\/p>\n<p>Auseinandersetzung der Franco-Diktatur zur Abkehr vom Transitionskonsens.<\/p>\n<p>[Spains Transition to Democracy and Integration to Europe. From a Lack of Official Politics of Coming to Terms with the Past to a Rejections of the Transition Consensus]. In: Ganzemu\u0308ller, J\u00f6rg (ed.): <em>Diktatur und Diktaturu\u0308berwindung in Spanien, Portugal und Griechenland<\/em> [Overcoming Dictatorships in Spain, Portugal, and Greece], B\u00f6hlau: Weimar\/Berlin (forthcoming).<\/p>\n<p>\u201cLa representaci\u00f3n del Holocausto en libros escolares de historia chilenos, espa\u00f1oles y argentinos: \u00bfHacia la inscripci\u00f3n en un marco universal de los Derechos Humanos?\u201d [Holocaust Representations in Chilean, Spanish and Argentinean Textbooks: Towards a Global Framework of Universal Human Rights?] In: Fracapane, Karel (ed.): <em>La ense\u00f1anza del Holocausto en Am\u00e9rica Latina. Los desaf\u00edos para educadores y legisladores<\/em> [Holocaust Education in Latin America. Challenges for Educators and Legislators], UNESCO: Paris, p. 174-183, 2017, online: <a href=\"unesdoc.unesco.org\/images\/0025\/002531\/253183s.pdf\">http:\/\/unesdoc.unesco.org\/images\/0025\/002531\/253183s.pdf<\/a><\/p>\n<p>\u201cVon N\u00fcrnberg nach Madrid? Transnationale Vergangenheitspolitik und universelle Gerichtsbarkeit zur juristischen Auseinandersetzung mit der Franco-Diktatur\u201d [From Nuremberg to Madrid? Transnational Politics with the Past and Coming to Terms with the Franco Dictatorship Through Universal Jurisdiction]. <em>\u00a0<\/em>In: Ganzem\u00fcller, J\u00f6rg (ed.): <em>Recht und Gerechtigkeit. Die strafrechtliche Aufarbeitung der Diktaturen in Europa<\/em>: B\u00f6hlau Editorial. Weimar\/Berlin, p. 231-251, 2017.<\/p>\n<p>\u201cTransitional Justice in Spanien [Transitional Justice in Spain].\u201d In: Mihr, Anja\/Pickel, Gert\/Pickel, Susanne (eds.): Transitional Justice Handbook, Springer Editorial: Berlin\/Heidelberg, p. 1-20, 2016.<em> \u2028<\/em><\/p>\n<p>\u201cDel \u2018caso Pinochet\u2019 a los desaparecidos de la Guerra Civil: La influencia de los discursos sobre los Derechos Humanos del Cono Sur en el debate espa\u00f1ol sobre el pasado franquista (1998-2012)\u201d [From the Pinochet Case to the Disappeared of the Spanish Civil War. The Influence of Human Rights Discourses from the Southern Cone on the Spanish Debate about the Franco past]. In: Mac\u00e9, Jean Fran\u00e7ois\/Mart\u00ednez Zauner, Mario (eds.): <em>Pasados de violencia pol\u00edtica. Memoria, discurso y puesta en escena <\/em>[Pasts of Political Violence. Memory, Discourse and Performance], Anexo editorial: Madrid, p. 257-279, 2016.<\/p>\n<p>\u201cVom \u201aFall Pinochet\u2019 zum \u201aFall Garz\u00f3n\u2018. Der Einfluss von Menschenrechtsdiskursen aus dem Cono Sur auf die Auseinandersetzung mit der Franco-Diktatur in Spanien\u201d [From the Pinochet Case to the Garz\u00f3n Case. The influence of Human Rights Discourses from the Southern Cone for Memory Politics in Spain]. In: Halbmayer, Ernst\/Karl, Sylvia (eds.): <em>Die erinnerte Gewalt. Postkonfliktdynamiken in Lateinamerika<\/em> [Remembered Violence. Post Conflict Dynamics in Latin America], Global Studies, Transcript, Bielefeld, p. 277-300, 2012.<\/p>\n<p><strong>Book Reviews<\/strong><strong>\u00a0<\/strong><\/p>\n<p>\u201cSurviving Forced Disappearance in Argentina and Uruguay. Identity and Meaning\u201d, Gabriel Gatti, Palgrave Macmillan, New York (2014). In: <em>Human Rights Quarterly<\/em>, John Hopkins University Press, Cincinnati, Vol. 39, No. 1, p. 478-480, 2017.<\/p>\n<p>\u201cThe Past Below Ground. Contemporary Exhumations of the Spanish Civil War\u201d, Francisco Ferr\u00e1ndiz, Anthropos Editorial, Barcelona, Spain (2014). In<em>: Revista de Dialectolog\u00eda y Tradiciones Populares<\/em>, Madrid, CSIC, Vol. 70, No. 2, p. 571-573, 2015. Also published online at ISHR, Columbia University:\u00a0 <a href=\"http:\/\/historicaldialogues.org\/2015\/06\/29\/book-review-el-pasado-bajo-tierra-exhumaciones-contemporaneas-de-la-guerra-civil\/\">http:\/\/historicaldialogues.org\/2015\/06\/29\/book-review-el-pasado-bajo-tierra-exhumaciones-contemporaneas-de-la-guerra-civil\/<\/a><\/p>\n<p>\u201cEntre historias y memorias. Los desaf\u00edos metodol\u00f3gicos del legado reciente en Am\u00e9rica Latina\u201d, Maria Rosaria Stabili (ed.). In: <em>Lateinamerika Analysen<\/em> (Hamburg, GIGA), No. 18, p. 240-243, 2007.<\/p>\n","protected":false},"excerpt":{"rendered":"<p>GIGA Institute of Latin American Studies \/ Princeton<\/p>\n","protected":false},"author":4,"featured_media":17792,"comment_status":"closed","ping_status":"closed","sticky":false,"template":"","format":"standard","meta":{"footnotes":""},"categories":[626,724,742],"tags":[],"class_list":["post-14099","post","type-post","status-publish","format-standard","has-post-thumbnail","hentry","category-current-team","category-team-2016-18","category-00-research-team-2020-2024"],"_links":{"self":[{"href":"https:\/\/politicasdelamemoria.org\/en\/wp-json\/wp\/v2\/posts\/14099","targetHints":{"allow":["GET"]}}],"collection":[{"href":"https:\/\/politicasdelamemoria.org\/en\/wp-json\/wp\/v2\/posts"}],"about":[{"href":"https:\/\/politicasdelamemoria.org\/en\/wp-json\/wp\/v2\/types\/post"}],"author":[{"embeddable":true,"href":"https:\/\/politicasdelamemoria.org\/en\/wp-json\/wp\/v2\/users\/4"}],"replies":[{"embeddable":true,"href":"https:\/\/politicasdelamemoria.org\/en\/wp-json\/wp\/v2\/comments?post=14099"}],"version-history":[{"count":5,"href":"https:\/\/politicasdelamemoria.org\/en\/wp-json\/wp\/v2\/posts\/14099\/revisions"}],"predecessor-version":[{"id":21065,"href":"https:\/\/politicasdelamemoria.org\/en\/wp-json\/wp\/v2\/posts\/14099\/revisions\/21065"}],"wp:featuredmedia":[{"embeddable":true,"href":"https:\/\/politicasdelamemoria.org\/en\/wp-json\/wp\/v2\/media\/17792"}],"wp:attachment":[{"href":"https:\/\/politicasdelamemoria.org\/en\/wp-json\/wp\/v2\/media?parent=14099"}],"wp:term":[{"taxonomy":"category","embeddable":true,"href":"https:\/\/politicasdelamemoria.org\/en\/wp-json\/wp\/v2\/categories?post=14099"},{"taxonomy":"post_tag","embeddable":true,"href":"https:\/\/politicasdelamemoria.org\/en\/wp-json\/wp\/v2\/tags?post=14099"}],"curies":[{"name":"wp","href":"https:\/\/api.w.org\/{rel}","templated":true}]}}