{"id":18695,"date":"2019-05-06T17:42:09","date_gmt":"2019-05-06T15:42:09","guid":{"rendered":"https:\/\/politicasdelamemoria.org\/?p=18695"},"modified":"2019-06-06T15:00:57","modified_gmt":"2019-06-06T13:00:57","slug":"the-heirs-of-memory-fiction-and-history-in-current-spain","status":"publish","type":"post","link":"https:\/\/politicasdelamemoria.org\/en\/2019\/05\/the-heirs-of-memory-fiction-and-history-in-current-spain\/","title":{"rendered":"The Heirs of Memory. Fiction and History in Current Spain"},"content":{"rendered":"<div class='avia-iframe-wrap'><iframe loading=\"lazy\" title=\"Fran\u00e7oise Dubosquet - Los herederos de la memoria. Ficci\u00f3n e Historia en la Espa\u00f1a actual\" width=\"1500\" height=\"844\" src=\"https:\/\/www.youtube.com\/embed\/uV5vhSEQi9E?feature=oembed\" frameborder=\"0\" allow=\"accelerometer; autoplay; encrypted-media; gyroscope; picture-in-picture\" allowfullscreen><\/iframe><\/div>\n<p><img loading=\"lazy\" decoding=\"async\" class=\"wp-image-18690 alignleft\" src=\"https:\/\/politicasdelamemoria.org\/wp-content\/uploads\/2019\/05\/RyR_7-DE-MAYO-213x300.jpg\" alt=\"\" width=\"245\" height=\"345\" srcset=\"https:\/\/politicasdelamemoria.org\/wp-content\/uploads\/2019\/05\/RyR_7-DE-MAYO-213x300.jpg 213w, https:\/\/politicasdelamemoria.org\/wp-content\/uploads\/2019\/05\/RyR_7-DE-MAYO-730x1030.jpg 730w, https:\/\/politicasdelamemoria.org\/wp-content\/uploads\/2019\/05\/RyR_7-DE-MAYO-500x705.jpg 500w, https:\/\/politicasdelamemoria.org\/wp-content\/uploads\/2019\/05\/RyR_7-DE-MAYO-450x635.jpg 450w, https:\/\/politicasdelamemoria.org\/wp-content\/uploads\/2019\/05\/RyR_7-DE-MAYO.jpg 907w\" sizes=\"auto, (max-width: 245px) 100vw, 245px\" \/><strong>Conference by:\u00a0<\/strong><\/p>\n<p><b><span style=\"color: #000000; font-family: Calibri, sans-serif; font-size: xx-large;\">Fran\u00e7oise Dubosquet<\/span><\/b><\/p>\n<p><b> (Universit\u00e9 Rennes 2) <\/b><\/p>\n<p><b><b><br \/>\n<b>Tuesday, 7 May 2019<\/b><\/b><\/b><\/p>\n<div style=\"text-align: left;\">\n<div><strong>12:00 \u2013 14:00 hours<\/strong><\/div>\n<\/div>\n<div style=\"text-align: left;\">Sala Mar\u00eda Moliner\u00a0(1F8)<\/div>\n<div>\n<div style=\"text-align: left;\">Centro de Ciencias Humanas y Sociales, CSIC<br \/>\nC\/Albasanz, 26-28<br \/>\nMetro: Suanzes &amp; Ciudad Lineal<\/div>\n<\/div>\n<p><strong>Free entry<\/strong><\/p>\n<div>\n<p><strong><a href=\"http:\/\/www.cchs.csic.es\/es\/content\/%C2%BFc%C3%B3mo-llegar\" target=\"_blank\" rel=\"noopener noreferrer\">How to get there?<\/a><\/strong><\/p>\n<\/div>\n<div><span style=\"color: #000000;\">\u00a0<\/span><\/div>\n<div><\/div>\n<div><\/div>\n","protected":false},"excerpt":{"rendered":"<p>Conference by:\u00a0 Fran\u00e7oise Dubosquet (Universit\u00e9 Rennes 2) Tuesday, 7 May 2019 12:00 \u2013 14:00 hours Sala Mar\u00eda Moliner\u00a0(1F8) Centro de Ciencias Humanas y Sociales, CSIC C\/Albasanz, 26-28 Metro: Suanzes &amp; Ciudad Lineal Free entry How to get there? \u00a0<\/p>\n","protected":false},"author":14,"featured_media":18691,"comment_status":"open","ping_status":"closed","sticky":false,"template":"","format":"standard","meta":{"footnotes":""},"categories":[601,602],"tags":[],"class_list":["post-18695","post","type-post","status-publish","format-standard","has-post-thumbnail","hentry","category-events","category-enfaces-and-traces-of-violence-lecture-series-en"],"_links":{"self":[{"href":"https:\/\/politicasdelamemoria.org\/en\/wp-json\/wp\/v2\/posts\/18695","targetHints":{"allow":["GET"]}}],"collection":[{"href":"https:\/\/politicasdelamemoria.org\/en\/wp-json\/wp\/v2\/posts"}],"about":[{"href":"https:\/\/politicasdelamemoria.org\/en\/wp-json\/wp\/v2\/types\/post"}],"author":[{"embeddable":true,"href":"https:\/\/politicasdelamemoria.org\/en\/wp-json\/wp\/v2\/users\/14"}],"replies":[{"embeddable":true,"href":"https:\/\/politicasdelamemoria.org\/en\/wp-json\/wp\/v2\/comments?post=18695"}],"version-history":[{"count":4,"href":"https:\/\/politicasdelamemoria.org\/en\/wp-json\/wp\/v2\/posts\/18695\/revisions"}],"predecessor-version":[{"id":18865,"href":"https:\/\/politicasdelamemoria.org\/en\/wp-json\/wp\/v2\/posts\/18695\/revisions\/18865"}],"wp:featuredmedia":[{"embeddable":true,"href":"https:\/\/politicasdelamemoria.org\/en\/wp-json\/wp\/v2\/media\/18691"}],"wp:attachment":[{"href":"https:\/\/politicasdelamemoria.org\/en\/wp-json\/wp\/v2\/media?parent=18695"}],"wp:term":[{"taxonomy":"category","embeddable":true,"href":"https:\/\/politicasdelamemoria.org\/en\/wp-json\/wp\/v2\/categories?post=18695"},{"taxonomy":"post_tag","embeddable":true,"href":"https:\/\/politicasdelamemoria.org\/en\/wp-json\/wp\/v2\/tags?post=18695"}],"curies":[{"name":"wp","href":"https:\/\/api.w.org\/{rel}","templated":true}]}}