{"id":19927,"date":"2020-07-10T15:09:45","date_gmt":"2020-07-10T13:09:45","guid":{"rendered":"https:\/\/politicasdelamemoria.org\/?p=19927"},"modified":"2020-07-10T15:09:45","modified_gmt":"2020-07-10T13:09:45","slug":"exhibition-fake-games-the-collectivized-monument-at-the-ivam","status":"publish","type":"post","link":"https:\/\/politicasdelamemoria.org\/en\/2020\/07\/exhibition-fake-games-the-collectivized-monument-at-the-ivam\/","title":{"rendered":"Exhibition &#8220;Fake Games. The Collectivized Monument&#8221; at the IVAM"},"content":{"rendered":"<div class='avia-iframe-wrap'><iframe loading=\"lazy\" title=\"Exposici\u00f3n &#039;Fake Games. El monumento colectivizado&#039; en el IVAM\" width=\"1500\" height=\"844\" src=\"https:\/\/www.youtube.com\/embed\/u7hM-xIJeV8?feature=oembed\" frameborder=\"0\" allow=\"accelerometer; autoplay; encrypted-media; gyroscope; picture-in-picture\" allowfullscreen><\/iframe><\/div>\n<h3>Exhibition &#8220;Fake Games. The Collectivized Monument&#8221; at the IVAM<\/h3>\n<p align=\"justify\">The director of the Institut Valenci\u00e0 d\u2019Art Modern (IVAM), Jos\u00e9 Miguel G. Cort\u00e9s, the curator Miguel Caballero, and the artist, Fernando S\u00e1nchez Castillo, will present the exhibition <strong><em>Fake Games to the media. The collectivized monument.<\/em><\/strong><\/p>\n<p align=\"justify\">The artist proposes the creation of a collective memorial in gallery 6 of the museum from one of the most iconic photographs of the Spanish Civil War: Death of a militiaman attributed to Robert Capa and Gerda Taro.<\/p>\n<p align=\"justify\">The main installation of the sample is a memorial based on the exchange of a small figure of a little plastic soldier, inspired by the famous militiaman photographed by Capa \/ Taro. Visitors over the age of fifteen &#8211; the minimum age for enlisting in the militias &#8211; can take a little soldier home in exchange for a reflection on this conflict and its aftermath that will be written on the walls of the gallery.<\/p>\n<p><a href=\"https:\/\/www.ivam.es\/es\/noticias\/el-ivam-presenta-la-muestra-fake-games-el-monumento-colectivizado\/\" target=\"blank\" rel=\"noopener noreferrer\"><strong>For more information<\/strong><\/a><\/p>\n","protected":false},"excerpt":{"rendered":"<p>Exhibition &#8220;Fake Games. The Collectivized Monument&#8221; at the IVAM The director of the Institut Valenci\u00e0 d\u2019Art Modern (IVAM), Jos\u00e9 Miguel G. Cort\u00e9s, the curator Miguel Caballero, and the artist, Fernando S\u00e1nchez Castillo, will present the exhibition Fake Games to the media. The collectivized monument. The artist proposes the creation of a collective memorial in gallery [&hellip;]<\/p>\n","protected":false},"author":14,"featured_media":19923,"comment_status":"open","ping_status":"closed","sticky":false,"template":"","format":"standard","meta":{"footnotes":""},"categories":[601,603],"tags":[],"class_list":["post-19927","post","type-post","status-publish","format-standard","has-post-thumbnail","hentry","category-events","category-team-activities"],"_links":{"self":[{"href":"https:\/\/politicasdelamemoria.org\/en\/wp-json\/wp\/v2\/posts\/19927","targetHints":{"allow":["GET"]}}],"collection":[{"href":"https:\/\/politicasdelamemoria.org\/en\/wp-json\/wp\/v2\/posts"}],"about":[{"href":"https:\/\/politicasdelamemoria.org\/en\/wp-json\/wp\/v2\/types\/post"}],"author":[{"embeddable":true,"href":"https:\/\/politicasdelamemoria.org\/en\/wp-json\/wp\/v2\/users\/14"}],"replies":[{"embeddable":true,"href":"https:\/\/politicasdelamemoria.org\/en\/wp-json\/wp\/v2\/comments?post=19927"}],"version-history":[{"count":3,"href":"https:\/\/politicasdelamemoria.org\/en\/wp-json\/wp\/v2\/posts\/19927\/revisions"}],"predecessor-version":[{"id":20217,"href":"https:\/\/politicasdelamemoria.org\/en\/wp-json\/wp\/v2\/posts\/19927\/revisions\/20217"}],"wp:featuredmedia":[{"embeddable":true,"href":"https:\/\/politicasdelamemoria.org\/en\/wp-json\/wp\/v2\/media\/19923"}],"wp:attachment":[{"href":"https:\/\/politicasdelamemoria.org\/en\/wp-json\/wp\/v2\/media?parent=19927"}],"wp:term":[{"taxonomy":"category","embeddable":true,"href":"https:\/\/politicasdelamemoria.org\/en\/wp-json\/wp\/v2\/categories?post=19927"},{"taxonomy":"post_tag","embeddable":true,"href":"https:\/\/politicasdelamemoria.org\/en\/wp-json\/wp\/v2\/tags?post=19927"}],"curies":[{"name":"wp","href":"https:\/\/api.w.org\/{rel}","templated":true}]}}