{"id":21624,"date":"2022-11-08T08:20:42","date_gmt":"2022-11-08T07:20:42","guid":{"rendered":"https:\/\/politicasdelamemoria.org\/?p=21624"},"modified":"2022-11-08T08:20:42","modified_gmt":"2022-11-08T07:20:42","slug":"ferrandiz-francisco-2022-exhumaciones-generales-y-militarismo-fantasma-como-confrontar-el-legado-de-la-guerra-civil-espanola","status":"publish","type":"post","link":"https:\/\/politicasdelamemoria.org\/en\/2022\/11\/ferrandiz-francisco-2022-exhumaciones-generales-y-militarismo-fantasma-como-confrontar-el-legado-de-la-guerra-civil-espanola\/","title":{"rendered":"FERR\u00c1NDIZ, Francisco (2022). Exhumaciones, generales y militarismo fantasma: c\u00f3mo confrontar el legado de la Guerra Civil espa\u00f1ola"},"content":{"rendered":"<table border=\"0\" cellspacing=\"4\" cellpadding=\"4\">\n<tbody>\n<tr>\n<th width=\"10%\">\n<div>FECHA<\/div>\n<\/th>\n<th width=\"55%\">T\u00cdTULO<\/th>\n<th width=\"23%\">AUTOR<\/th>\n<th width=\"12%\">TIPO<\/th>\n<\/tr>\n<tr>\n<td>\n<div>\n<p>2022<\/p>\n<\/div>\n<\/td>\n<td>\n<p id=\"yui_3_14_1_1_1487068731628_468\" class=\"publication-title\" data-reactid=\"29\"><a href=\"https:\/\/alteridades.izt.uam.mx\/index.php\/Alte\/article\/view\/1363\">Exhumaciones, generales y militarismo fantasma: c\u00f3mo confrontar el legado de la Guerra Civil espa\u00f1ola<\/a><\/p>\n<\/td>\n<td>Francisco Ferr\u00e1ndiz<\/p>\n<div class=\"WorkInfo-item u-verticalAlignTop\"><\/div>\n<\/td>\n<td>Article<\/td>\n<\/tr>\n<\/tbody>\n<\/table>\n","protected":false},"excerpt":{"rendered":"<p>FECHA T\u00cdTULO AUTOR TIPO 2022 Exhumaciones, generales y militarismo fantasma: c\u00f3mo confrontar el legado de la Guerra Civil espa\u00f1ola Francisco Ferr\u00e1ndiz Article<\/p>\n","protected":false},"author":12,"featured_media":21621,"comment_status":"open","ping_status":"closed","sticky":false,"template":"","format":"standard","meta":{"footnotes":""},"categories":[607,630],"tags":[],"class_list":["post-21624","post","type-post","status-publish","format-standard","has-post-thumbnail","hentry","category-team-publications","category-articles"],"_links":{"self":[{"href":"https:\/\/politicasdelamemoria.org\/en\/wp-json\/wp\/v2\/posts\/21624","targetHints":{"allow":["GET"]}}],"collection":[{"href":"https:\/\/politicasdelamemoria.org\/en\/wp-json\/wp\/v2\/posts"}],"about":[{"href":"https:\/\/politicasdelamemoria.org\/en\/wp-json\/wp\/v2\/types\/post"}],"author":[{"embeddable":true,"href":"https:\/\/politicasdelamemoria.org\/en\/wp-json\/wp\/v2\/users\/12"}],"replies":[{"embeddable":true,"href":"https:\/\/politicasdelamemoria.org\/en\/wp-json\/wp\/v2\/comments?post=21624"}],"version-history":[{"count":2,"href":"https:\/\/politicasdelamemoria.org\/en\/wp-json\/wp\/v2\/posts\/21624\/revisions"}],"predecessor-version":[{"id":21628,"href":"https:\/\/politicasdelamemoria.org\/en\/wp-json\/wp\/v2\/posts\/21624\/revisions\/21628"}],"wp:featuredmedia":[{"embeddable":true,"href":"https:\/\/politicasdelamemoria.org\/en\/wp-json\/wp\/v2\/media\/21621"}],"wp:attachment":[{"href":"https:\/\/politicasdelamemoria.org\/en\/wp-json\/wp\/v2\/media?parent=21624"}],"wp:term":[{"taxonomy":"category","embeddable":true,"href":"https:\/\/politicasdelamemoria.org\/en\/wp-json\/wp\/v2\/categories?post=21624"},{"taxonomy":"post_tag","embeddable":true,"href":"https:\/\/politicasdelamemoria.org\/en\/wp-json\/wp\/v2\/tags?post=21624"}],"curies":[{"name":"wp","href":"https:\/\/api.w.org\/{rel}","templated":true}]}}