{"id":22797,"date":"2024-10-18T11:22:47","date_gmt":"2024-10-18T09:22:47","guid":{"rendered":"https:\/\/politicasdelamemoria.org\/?p=22797"},"modified":"2024-10-18T11:22:47","modified_gmt":"2024-10-18T09:22:47","slug":"de-kerangat-zoe-2022-memoria-y-justicia-popular-exhumaciones-de-las-victimas-del-franquismo-durante-la-transicion-espanola","status":"publish","type":"post","link":"https:\/\/politicasdelamemoria.org\/en\/2024\/10\/de-kerangat-zoe-2022-memoria-y-justicia-popular-exhumaciones-de-las-victimas-del-franquismo-durante-la-transicion-espanola\/","title":{"rendered":"DE KERANGAT, Zo\u00e9 (2022). Memoria y justicia popular: Exhumaciones de las v\u00edctimas del franquismo durante la Transici\u00f3n espa\u00f1ola"},"content":{"rendered":"<table border=\"0\" cellspacing=\"4\" cellpadding=\"4\">\n<tbody>\n<tr>\n<th width=\"10%\">\n<div>DATE<\/div>\n<\/th>\n<th width=\"55%\">TITLE<\/th>\n<th width=\"23%\">AUTHOR<\/th>\n<th width=\"12%\">TYPE<\/th>\n<\/tr>\n<tr>\n<td>\n<div>\n<p>2022<\/p>\n<\/div>\n<\/td>\n<td>\n<p id=\"yui_3_14_1_1_1487068731628_468\" class=\"publication-title\" data-reactid=\"29\"><a href=\"https:\/\/programaeditorial.univalle.edu.co\/gpd-gpd-conflicto-memoria-y-justicia-9786287566316-64775cd29532f-64775cd2954a0.html\" target=\"_blank\" rel=\"noopener noreferrer\">Memoria y justicia popular: Exhumaciones de las v\u00edctimas del franquismo durante la Transici\u00f3n espa\u00f1ola<\/a><\/p>\n<\/td>\n<td>Zo\u00e9 de Kerangat<\/p>\n<div class=\"WorkInfo-item u-verticalAlignTop\"><\/div>\n<\/td>\n<td>Chapter<\/td>\n<\/tr>\n<\/tbody>\n<\/table>\n","protected":false},"excerpt":{"rendered":"<p>DATE TITLE AUTHOR TYPE 2022 Memoria y justicia popular: Exhumaciones de las v\u00edctimas del franquismo durante la Transici\u00f3n espa\u00f1ola Zo\u00e9 de Kerangat Chapter<\/p>\n","protected":false},"author":12,"featured_media":22792,"comment_status":"closed","ping_status":"closed","sticky":false,"template":"","format":"standard","meta":{"footnotes":""},"categories":[607,629],"tags":[],"class_list":["post-22797","post","type-post","status-publish","format-standard","has-post-thumbnail","hentry","category-team-publications","category-chapters"],"_links":{"self":[{"href":"https:\/\/politicasdelamemoria.org\/en\/wp-json\/wp\/v2\/posts\/22797","targetHints":{"allow":["GET"]}}],"collection":[{"href":"https:\/\/politicasdelamemoria.org\/en\/wp-json\/wp\/v2\/posts"}],"about":[{"href":"https:\/\/politicasdelamemoria.org\/en\/wp-json\/wp\/v2\/types\/post"}],"author":[{"embeddable":true,"href":"https:\/\/politicasdelamemoria.org\/en\/wp-json\/wp\/v2\/users\/12"}],"replies":[{"embeddable":true,"href":"https:\/\/politicasdelamemoria.org\/en\/wp-json\/wp\/v2\/comments?post=22797"}],"version-history":[{"count":2,"href":"https:\/\/politicasdelamemoria.org\/en\/wp-json\/wp\/v2\/posts\/22797\/revisions"}],"predecessor-version":[{"id":22799,"href":"https:\/\/politicasdelamemoria.org\/en\/wp-json\/wp\/v2\/posts\/22797\/revisions\/22799"}],"wp:featuredmedia":[{"embeddable":true,"href":"https:\/\/politicasdelamemoria.org\/en\/wp-json\/wp\/v2\/media\/22792"}],"wp:attachment":[{"href":"https:\/\/politicasdelamemoria.org\/en\/wp-json\/wp\/v2\/media?parent=22797"}],"wp:term":[{"taxonomy":"category","embeddable":true,"href":"https:\/\/politicasdelamemoria.org\/en\/wp-json\/wp\/v2\/categories?post=22797"},{"taxonomy":"post_tag","embeddable":true,"href":"https:\/\/politicasdelamemoria.org\/en\/wp-json\/wp\/v2\/tags?post=22797"}],"curies":[{"name":"wp","href":"https:\/\/api.w.org\/{rel}","templated":true}]}}