{"id":4342,"date":"2008-03-06T18:21:07","date_gmt":"2008-03-06T17:21:07","guid":{"rendered":"https:\/\/politicasdelamemoria.org\/2008\/03\/sole-q-2008-els-morts-clandestins-les-fosses-comunes-de-la-guerra-civil-a-catalunya-1936-1939-2\/"},"modified":"2015-03-06T21:34:00","modified_gmt":"2015-03-06T20:34:00","slug":"sole-q-2008-els-morts-clandestins-les-fosses-comunes-de-la-guerra-civil-a-catalunya-1936-1939","status":"publish","type":"post","link":"https:\/\/politicasdelamemoria.org\/en\/2008\/03\/sole-q-2008-els-morts-clandestins-les-fosses-comunes-de-la-guerra-civil-a-catalunya-1936-1939\/","title":{"rendered":"SOL\u00c9. Q. (2008) Els morts clandestins. Les fosses comunes de la Guerra Civil a Catalunya (1936-1939)"},"content":{"rendered":"<table style=\"border: 0pt solid #999999; width: 98%;\" border=\"0\" cellspacing=\"4\" cellpadding=\"4\">\n<tbody>\n<tr>\n<th width=\"10%\">\n<div>Fecha de publicaci\u00f3n<\/div>\n<\/th>\n<th width=\"55%\">T\u00edtulo<\/th>\n<th width=\"23%\">Autor(es)<\/th>\n<th width=\"12%\">Tipo<\/th>\n<\/tr>\n<tr>\n<td style=\"width: 15%; text-align: center;\">\n<div>2008<\/div>\n<\/td>\n<td style=\"text-align: left;\"><a href=\"http:\/\/editorialafers.com\/web\/ca\/botiga.html?product_id=262&amp;page=shop.product_details&amp;category_id=22&amp;flypage=flypage.tpl\" target=\"_blank\">Els morts clandestins. Les fosses comunes de la Guerra Civil a Catalunya (1936-1939)<\/a><\/td>\n<td style=\"width: 25%; text-align: left;\">Queralt Sol\u00e9<\/td>\n<td style=\"text-align: left;\"><em>Libro<\/em><\/td>\n<\/tr>\n<\/tbody>\n<\/table>\n<p><strong><a href=\"https:\/\/politicasdelamemoria.org\/wp-content\/uploads\/2014\/04\/Els-morts-calndestins.jpg\"><img loading=\"lazy\" decoding=\"async\" class=\"alignleft  wp-image-5245\" src=\"https:\/\/politicasdelamemoria.org\/wp-content\/uploads\/2014\/04\/Els-morts-calndestins.jpg\" alt=\"Els morts clandestins\" width=\"137\" height=\"193\" srcset=\"https:\/\/politicasdelamemoria.org\/wp-content\/uploads\/2014\/04\/Els-morts-calndestins.jpg 630w, https:\/\/politicasdelamemoria.org\/wp-content\/uploads\/2014\/04\/Els-morts-calndestins-212x300.jpg 212w, https:\/\/politicasdelamemoria.org\/wp-content\/uploads\/2014\/04\/Els-morts-calndestins-499x705.jpg 499w, https:\/\/politicasdelamemoria.org\/wp-content\/uploads\/2014\/04\/Els-morts-calndestins-450x636.jpg 450w\" sizes=\"auto, (max-width: 137px) 100vw, 137px\" \/><\/a>Resumen (catal\u00e1):<\/strong> Aquest llibre omple una de les inc\u00f2gnitas desconegudes de la Guerra Civil: l&#8217;estudi rigor\u00f3s i concloent de les fosses comunes existents a Catalunya. L&#8217;autora explica de manera detalleda quan, com i on neixen les fosses comunes d&#8217;arreu de la geografia catalana, alhora que documenta com milers de persones, majorit\u00e0riament soldats, fins avui han restat com a subjectes clandestins de la hist\u00f2ria, sense que mai no hagin tingut un lloc on poder ser honrats ni mai hagin gaudit d&#8217;una sepultura digna. Aix\u00ed mateix, l&#8217;obra aporta llum a un fet poc conegut, com\u00e1\u00e9s el trasllat, entre els anys 1959 i 1964, de les despulles de milers de soldats, combatents a l&#8217;ex\u00e8rcit franquista i tamb\u00e9 al republic\u00e0, al Valle de los Ca\u00eddos, a Cuelgamuros (Madrid), l&#8217;indret on el general Fanco constru\u00ed una tomba fara\u00f2nica per el m\u00e9s gran honor seu i la major gl\u00f2ria seva i del seu r\u00e8gim.<\/p>\n<p><strong>Editorial<\/strong>: Afers<br \/>\n<strong>ISBN:<\/strong> 978-84-95916-90-7<\/p>\n","protected":false},"excerpt":{"rendered":"<p>Aquest llibre omple una de les inc\u00f2gnitas desconegudes de la Guerra Civil: l&#8217;estudi rigor\u00f3s i concloent de les fosses comunes existents a Catalunya. L&#8217;autora explica de manera detalleda quan, com i on neixen les fosses comunes d&#8217;arreu de la geografia catalana, alhora que documenta com milers de persones, majorit\u00e0riament soldats, fins avui han restat com a subjectes clandestins de la hist\u00f2ria, sense que mai no hagin tingut un lloc on poder ser honrats ni mai hagin gaudit d&#8217;una sepultura digna. Aix\u00ed mateix, l&#8217;obra aporta llum a un fet poc conegut, com\u00e1\u00e9s el trasllat, entre els anys 1959 i 1964, de les despulles de milers de soldats, combatents a l&#8217;ex\u00e8rcit franquista i tamb\u00e9 al republic\u00e0, al Valle de los Ca\u00eddos, a Cuelgamuros (Madrid), l&#8217;indret on el general Fanco constru\u00ed una tomba fara\u00f2nica per el m\u00e9s gran honor seu i la major gl\u00f2ria seva i del seu r\u00e8gim.<\/p>\n","protected":false},"author":2,"featured_media":5245,"comment_status":"open","ping_status":"closed","sticky":false,"template":"","format":"standard","meta":{"footnotes":""},"categories":[628],"tags":[],"class_list":["post-4342","post","type-post","status-publish","format-standard","has-post-thumbnail","hentry","category-team-books"],"_links":{"self":[{"href":"https:\/\/politicasdelamemoria.org\/en\/wp-json\/wp\/v2\/posts\/4342","targetHints":{"allow":["GET"]}}],"collection":[{"href":"https:\/\/politicasdelamemoria.org\/en\/wp-json\/wp\/v2\/posts"}],"about":[{"href":"https:\/\/politicasdelamemoria.org\/en\/wp-json\/wp\/v2\/types\/post"}],"author":[{"embeddable":true,"href":"https:\/\/politicasdelamemoria.org\/en\/wp-json\/wp\/v2\/users\/2"}],"replies":[{"embeddable":true,"href":"https:\/\/politicasdelamemoria.org\/en\/wp-json\/wp\/v2\/comments?post=4342"}],"version-history":[{"count":0,"href":"https:\/\/politicasdelamemoria.org\/en\/wp-json\/wp\/v2\/posts\/4342\/revisions"}],"wp:featuredmedia":[{"embeddable":true,"href":"https:\/\/politicasdelamemoria.org\/en\/wp-json\/wp\/v2\/media\/5245"}],"wp:attachment":[{"href":"https:\/\/politicasdelamemoria.org\/en\/wp-json\/wp\/v2\/media?parent=4342"}],"wp:term":[{"taxonomy":"category","embeddable":true,"href":"https:\/\/politicasdelamemoria.org\/en\/wp-json\/wp\/v2\/categories?post=4342"},{"taxonomy":"post_tag","embeddable":true,"href":"https:\/\/politicasdelamemoria.org\/en\/wp-json\/wp\/v2\/tags?post=4342"}],"curies":[{"name":"wp","href":"https:\/\/api.w.org\/{rel}","templated":true}]}}