{"id":4354,"date":"2011-10-02T11:21:47","date_gmt":"2011-10-02T09:21:47","guid":{"rendered":"https:\/\/politicasdelamemoria.org\/2011\/05\/255-violencia-politica-y-memoria-digital-las-exhumaciones-de-fosas-comunes-de-la-guerra-civil-1936-193-2\/"},"modified":"2015-06-17T13:59:31","modified_gmt":"2015-06-17T11:59:31","slug":"255-violencia-politica-y-memoria-digital-las-exhumaciones-de-fosas-comunes-de-la-guerra-civil-1936-193","status":"publish","type":"post","link":"https:\/\/politicasdelamemoria.org\/en\/2011\/10\/255-violencia-politica-y-memoria-digital-las-exhumaciones-de-fosas-comunes-de-la-guerra-civil-1936-193\/","title":{"rendered":"FERR\u00c1NDIZ, F. and  BAER, A. (2011) Violencia pol\u00edtica y memoria digital: Las exhumaciones de fosas comunes de la Guerra Civil (1936-1939) en la Espa\u00f1a contempor\u00e1nea"},"content":{"rendered":"<table style=\"width: 98%; border: #999999 0pt solid;\" border=\"0\" cellspacing=\"4\" cellpadding=\"4\">\n<tbody>\n<tr>\n<th width=\"10%\">\n<div style=\"text-align: left;\">DATE<\/div>\n<\/th>\n<th style=\"text-align: left;\" width=\"55%\">TITLE<\/th>\n<th style=\"text-align: left;\" width=\"23%\">AUTHORS<\/th>\n<th style=\"text-align: left;\" width=\"12%\">TYPE<\/th>\n<\/tr>\n<tr>\n<td style=\"width: 15%; text-align: center;\">\n<div>\n<p>2011<\/p>\n<\/div>\n<\/td>\n<td style=\"text-align: left;\"><a href=\"http:\/\/digital.csic.es\/handle\/10261\/35987\" target=\"_blank\">Violencia pol\u00edtica y memoria digital: Las exhumaciones de fosas comunes de la Guerra Civil (1936-1939) en la Espa\u00f1a contempor\u00e1nea<\/a><\/td>\n<td style=\"width: 25%; text-align: left;\">Francisco FERR\u00c1NDIZ<br \/>\nAlejandro BAER<\/td>\n<td style=\"text-align: left;\">Chapter<\/td>\n<\/tr>\n<\/tbody>\n<\/table>\n","protected":false},"excerpt":{"rendered":"<p>DATE TITLE AUTHORS TYPE 2011 Violencia pol\u00edtica y memoria digital: Las exhumaciones de fosas comunes de la Guerra Civil (1936-1939) en la Espa\u00f1a contempor\u00e1nea Francisco FERR\u00c1NDIZ Alejandro BAER Chapter<\/p>\n","protected":false},"author":2,"featured_media":0,"comment_status":"open","ping_status":"closed","sticky":false,"template":"","format":"standard","meta":{"footnotes":""},"categories":[607,629],"tags":[],"class_list":["post-4354","post","type-post","status-publish","format-standard","hentry","category-team-publications","category-chapters"],"_links":{"self":[{"href":"https:\/\/politicasdelamemoria.org\/en\/wp-json\/wp\/v2\/posts\/4354","targetHints":{"allow":["GET"]}}],"collection":[{"href":"https:\/\/politicasdelamemoria.org\/en\/wp-json\/wp\/v2\/posts"}],"about":[{"href":"https:\/\/politicasdelamemoria.org\/en\/wp-json\/wp\/v2\/types\/post"}],"author":[{"embeddable":true,"href":"https:\/\/politicasdelamemoria.org\/en\/wp-json\/wp\/v2\/users\/2"}],"replies":[{"embeddable":true,"href":"https:\/\/politicasdelamemoria.org\/en\/wp-json\/wp\/v2\/comments?post=4354"}],"version-history":[{"count":0,"href":"https:\/\/politicasdelamemoria.org\/en\/wp-json\/wp\/v2\/posts\/4354\/revisions"}],"wp:attachment":[{"href":"https:\/\/politicasdelamemoria.org\/en\/wp-json\/wp\/v2\/media?parent=4354"}],"wp:term":[{"taxonomy":"category","embeddable":true,"href":"https:\/\/politicasdelamemoria.org\/en\/wp-json\/wp\/v2\/categories?post=4354"},{"taxonomy":"post_tag","embeddable":true,"href":"https:\/\/politicasdelamemoria.org\/en\/wp-json\/wp\/v2\/tags?post=4354"}],"curies":[{"name":"wp","href":"https:\/\/api.w.org\/{rel}","templated":true}]}}