{"id":519,"date":"2010-05-29T09:36:48","date_gmt":"2010-05-29T09:36:48","guid":{"rendered":""},"modified":"2015-03-12T10:53:48","modified_gmt":"2015-03-12T09:53:48","slug":"60-en-share-your-memory-online","status":"publish","type":"post","link":"https:\/\/politicasdelamemoria.org\/en\/2010\/05\/60-en-share-your-memory-online\/","title":{"rendered":"Share your memory online"},"content":{"rendered":"<div class='avia-iframe-wrap'><iframe loading=\"lazy\" src=\"https:\/\/player.vimeo.com\/video\/16241862\" width=\"640\" height=\"424\" frameborder=\"0\" title=\"&quot;Si quiere usted, hablamos&quot; (15 min, 2010) memoria historica\" webkitallowfullscreen mozallowfullscreen allowfullscreen><\/iframe><\/div>\n<p style=\"text-align: justify;\">En este canal interactivo Vimeo, invitamos a las personas interesadas en construir un proyecto colectivo de memoria oral a subir v\u00eddeos y documentos relativos a su memoria de la Guerra Civil espa\u00f1ola y de las consecuencias que ella tuvo, tanto en el \u00e1mbito personal como en el familar y colectivo, incluyendo desde las historias m\u00e1s pr\u00f3ximas hasta las repercusiones pol\u00edticas o judiciales. Por la naturaleza de la p\u00e1gina Web y del proyecto de investigaci\u00f3n en el que se inserta este canal, animamos especialmente a aqu\u00e9llas personas que tengan testimonios o vivencias relacionados con las fosas comunes y su evoluci\u00f3n hist\u00f3rica desde la propia guerra hasta la actualidad, incluyendo los diversos ciclos de exhumaci\u00f3n y dignificaci\u00f3n que se han sucedido desde 1939, desde los m\u00e1s oficiales y clandestinos de la postguerra a los m\u00e1s contempor\u00e1neos.<\/p>\n<p>El formato de los contenidos es libre, es decir, caben tanto los testimonios m\u00e1s intimistas en primera persona como las elaboraciones m\u00e1s pol\u00edticas, art\u00edsticas o conceptuales que los donantes juzguen como veh\u00edculos adecuados de memoria personal y colectiva.\u00a0 El contenido de este canal es p\u00fablico y abierto, y ser\u00e1 accesible desde cualquier punto del mundo. Tiene cabida cualquier contribuci\u00f3n que sea respetuosa con el proyecto y sus participantes.<\/p>\n<p>Dada la dificultad del formato digital online para las personas de mayor edad, pedimos a los m\u00e1s j\u00f3venes o m\u00e1s versados en las nuevas tecnolog\u00edas que ayuden a los familiares o conocidos m\u00e1s ancianos que quieran participar a generar y subir al canal los archivos y v\u00eddeos.<\/p>\n<p><strong>Para subir un v\u00eddeo o archivo a este canal, hay que seguir los siguientes pasos:<\/strong><\/p>\n<ul>\n<li>Para subir videos y documentos a esta p\u00e1gina necesita tener una cuenta de Vimeo, si no tiene una vaya a<strong> <a href=\"http:\/\/www.vimeo.com\/join\" target=\"_blank\" rel=\"nofollow\">vimeo.com\/\u200bjoin<\/a><\/strong><\/li>\n<\/ul>\n<ul>\n<li>Rellene los datos que le solicitan, Vimeo le mandar\u00e1 un e-mail pidi\u00e9ndole que verifique su cuenta. Una vez hecho esto, ya puede ir a <strong><a href=\"http:\/\/www.vimeo.com\/log_in\" target=\"_blank\" rel=\"nofollow\">vimeo.com\/\u200blog_in<\/a><\/strong>. Una vez dentro, vaya a <strong><a href=\"http:\/\/vimeo.com\/groups\/donatumemoria\" target=\"_blank\">http:\/\/vimeo.com\/groups\/donatumemoria<\/a>,<\/strong> entonces h\u00e1gase miembro del grupo (Join this group). Ya puede subir un video o un documento.<\/li>\n<\/ul>\n<ul>\n<li>Si quiere subir un video, recuerde que s\u00f3lo puede subir videos de los que posea el copyright. Con la cuenta b\u00e1sica tiene un l\u00edmite de 500.00MB y 1 HD video por semana.<\/li>\n<\/ul>\n<ul>\n<li>Si quiere aportar documentos, los formatos permitidos son mp3, jpg, gif, png, pdf, doc<\/li>\n<\/ul>\n<p>&#8230;&#8230;&#8230;&#8230;&#8230;&#8230;&#8230;&#8230;&#8230;&#8230;&#8230;&#8230;&#8230;&#8230;&#8230;&#8230;&#8230;&#8230;&#8230;&#8230;&#8230;&#8230;&#8230;&#8230;&#8230;&#8230;&#8230;&#8230;&#8230;&#8230;&#8230;&#8230;&#8230;&#8230;&#8230;&#8230;&#8230;&#8230;&#8230;&#8230;&#8230;&#8230;&#8230;&#8230;.<\/p>\n<p><a href=\"http:\/\/vimeo.com\/groups\/44657\/videos\/16032293\">Testimonio de Fausto Canales<\/a> from <a href=\"http:\/\/vimeo.com\/user3815233\">Politicas de la memoria<\/a> on <a href=\"http:\/\/vimeo.com\">Vimeo<\/a>.<\/p>\n<p>Testimonio recogido por Helena Ferr\u00e1ndiz en Madrid, el 2 de febrero de 2010.<\/p>\n<p><a href=\"http:\/\/vimeo.com\/groups\/donatumemoria\/videos\" target=\"_blank\"><strong>Ver todos los videos de Dona tu memoria online<\/strong><\/a><\/p>\n","protected":false},"excerpt":{"rendered":"<p>En este canal interactivo Vimeo, invitamos a las personas interesadas en construir un proyecto colectivo de memoria oral a subir v\u00eddeos y documentos relativos a su memoria de la Guerra Civil espa\u00f1ola y de las consecuencias que ella tuvo, tanto en el \u00e1mbito personal como en el familar y colectivo, incluyendo desde las historias m\u00e1s [&hellip;]<\/p>\n","protected":false},"author":2,"featured_media":8829,"comment_status":"open","ping_status":"closed","sticky":false,"template":"","format":"standard","meta":{"footnotes":""},"categories":[605],"tags":[],"class_list":["post-519","post","type-post","status-publish","format-standard","has-post-thumbnail","hentry","category-enrecommended-audiovisuals-en","has-post-video"],"_links":{"self":[{"href":"https:\/\/politicasdelamemoria.org\/en\/wp-json\/wp\/v2\/posts\/519","targetHints":{"allow":["GET"]}}],"collection":[{"href":"https:\/\/politicasdelamemoria.org\/en\/wp-json\/wp\/v2\/posts"}],"about":[{"href":"https:\/\/politicasdelamemoria.org\/en\/wp-json\/wp\/v2\/types\/post"}],"author":[{"embeddable":true,"href":"https:\/\/politicasdelamemoria.org\/en\/wp-json\/wp\/v2\/users\/2"}],"replies":[{"embeddable":true,"href":"https:\/\/politicasdelamemoria.org\/en\/wp-json\/wp\/v2\/comments?post=519"}],"version-history":[{"count":0,"href":"https:\/\/politicasdelamemoria.org\/en\/wp-json\/wp\/v2\/posts\/519\/revisions"}],"wp:featuredmedia":[{"embeddable":true,"href":"https:\/\/politicasdelamemoria.org\/en\/wp-json\/wp\/v2\/media\/8829"}],"wp:attachment":[{"href":"https:\/\/politicasdelamemoria.org\/en\/wp-json\/wp\/v2\/media?parent=519"}],"wp:term":[{"taxonomy":"category","embeddable":true,"href":"https:\/\/politicasdelamemoria.org\/en\/wp-json\/wp\/v2\/categories?post=519"},{"taxonomy":"post_tag","embeddable":true,"href":"https:\/\/politicasdelamemoria.org\/en\/wp-json\/wp\/v2\/tags?post=519"}],"curies":[{"name":"wp","href":"https:\/\/api.w.org\/{rel}","templated":true}]}}