{"id":525,"date":"2010-12-22T22:39:09","date_gmt":"2010-12-22T22:39:09","guid":{"rendered":""},"modified":"2010-12-22T22:39:09","modified_gmt":"2010-12-22T22:39:09","slug":"190-en--poesia-represion-y-tumbas-las-voces-de-los-muertos-de-jose-luis-hidalgo-1947","status":"publish","type":"post","link":"https:\/\/politicasdelamemoria.org\/en\/2010\/12\/190-en--poesia-represion-y-tumbas-las-voces-de-los-muertos-de-jose-luis-hidalgo-1947\/","title":{"rendered":"Poes\u00eda, posguerra, represi\u00f3n y tumbas.  Las voces de &#8220;Los muertos&#8221;  de Jos\u00e9 Luis Hidalgo (1947)"},"content":{"rendered":"<p><strong>Conferencia impartida por Ge<img loading=\"lazy\" decoding=\"async\" style=\"margin: 10px; border: 1px solid #000000; float: left;\" alt=\"Poes\u00eda, posguerra, represi\u00f3n y tumbas.\" src=\"\/images\/stories\/imagenes\/Noticias\/enero_2011_home.jpg\" width=\"100\" height=\"73\" \/>rm\u00e1n Labrador &nbsp;M\u00e9ndez (Universidad de Princeton)<br \/><\/strong><strong><strong>Seminario permanente<\/strong><\/strong><strong>: Rastros y rostros de la violencia&nbsp;<\/strong><\/p>\n<p><strong>&nbsp;<\/strong><\/p>\n<p> <strong>20 de enero 2<\/strong><strong>011, 12:00 horas<br \/><\/strong>Sala Ram\u00f3n Carande (2F8\/2F23)<\/p>\n<p>Centro de Ciencias Humanas y Sociales, CSIC<br \/>C\/Albasanz, 26-28. Madrid 28037&nbsp;<br \/>Metro Ciudad Lineal y Suances.&nbsp;Entrada Libre<\/p>\n<p><strong><a target=\"_blank\" href=\"http:\/\/www.cchs.csic.es\/es\/content\/%C2%BFc%C3%B3mo-llegar\" style=\"color: #f89a20; text-decoration: none;\">\u00bfC\u00f3mo llegar?<\/a><\/strong><\/p>\n<p><strong><a class=\"doclink\" href=\"https:\/\/politicasdelamemoria.org\/wp-content\/uploads\/importedmedia\/blogmedia-525-R&#038;R_enero_2011_web.pdf\" style=\"color: #f89a20; text-decoration: none;\"><\/a><a class=\"doclink\" href=\"https:\/\/politicasdelamemoria.org\/wp-content\/uploads\/importedmedia\/blogmedia-525-R&#038;R_enero_2011_web.pdf\">Cartel Conferencia<\/a><\/strong><\/p>\n<p>\u00a0<\/p>\n<p style=\"margin: 1em 0px; padding: 0px;\">\u00a0<\/p>\n<p>\u00a0<\/p>\n<p><\/p>\n<p style=\"margin: 5px 0px; padding: 0px;\"><b><br \/><\/b><\/p>\n","protected":false},"excerpt":{"rendered":"<p>Conferencia impartida por Germ\u00e1n Labrador &nbsp;M\u00e9ndez (Universidad de Princeton)Seminario permanente: Rastros y rostros de la violencia&nbsp; &nbsp; 20 de enero 2011, 12:00 horasSala Ram\u00f3n Carande (2F8\/2F23) Centro de Ciencias Humanas y Sociales, CSICC\/Albasanz, 26-28. Madrid 28037&nbsp;Metro Ciudad Lineal y Suances.&nbsp;Entrada Libre \u00bfC\u00f3mo llegar? Cartel Conferencia \u00a0 \u00a0 \u00a0<\/p>\n","protected":false},"author":2,"featured_media":826,"comment_status":"open","ping_status":"closed","sticky":false,"template":"","format":"standard","meta":{"footnotes":""},"categories":[603],"tags":[],"class_list":["post-525","post","type-post","status-publish","format-standard","has-post-thumbnail","hentry","category-team-activities"],"_links":{"self":[{"href":"https:\/\/politicasdelamemoria.org\/en\/wp-json\/wp\/v2\/posts\/525","targetHints":{"allow":["GET"]}}],"collection":[{"href":"https:\/\/politicasdelamemoria.org\/en\/wp-json\/wp\/v2\/posts"}],"about":[{"href":"https:\/\/politicasdelamemoria.org\/en\/wp-json\/wp\/v2\/types\/post"}],"author":[{"embeddable":true,"href":"https:\/\/politicasdelamemoria.org\/en\/wp-json\/wp\/v2\/users\/2"}],"replies":[{"embeddable":true,"href":"https:\/\/politicasdelamemoria.org\/en\/wp-json\/wp\/v2\/comments?post=525"}],"version-history":[{"count":0,"href":"https:\/\/politicasdelamemoria.org\/en\/wp-json\/wp\/v2\/posts\/525\/revisions"}],"wp:featuredmedia":[{"embeddable":true,"href":"https:\/\/politicasdelamemoria.org\/en\/wp-json\/wp\/v2\/media\/826"}],"wp:attachment":[{"href":"https:\/\/politicasdelamemoria.org\/en\/wp-json\/wp\/v2\/media?parent=525"}],"wp:term":[{"taxonomy":"category","embeddable":true,"href":"https:\/\/politicasdelamemoria.org\/en\/wp-json\/wp\/v2\/categories?post=525"},{"taxonomy":"post_tag","embeddable":true,"href":"https:\/\/politicasdelamemoria.org\/en\/wp-json\/wp\/v2\/tags?post=525"}],"curies":[{"name":"wp","href":"https:\/\/api.w.org\/{rel}","templated":true}]}}