{"id":546,"date":"2011-05-12T04:48:15","date_gmt":"2011-05-12T04:48:15","guid":{"rendered":""},"modified":"2021-03-18T12:51:11","modified_gmt":"2021-03-18T11:51:11","slug":"254-en-congreso-internacional-bajo-tierra-exhumaciones-del-siglo-xxi-en-espana","status":"publish","type":"post","link":"https:\/\/politicasdelamemoria.org\/en\/2011\/05\/254-en-congreso-internacional-bajo-tierra-exhumaciones-del-siglo-xxi-en-espana\/","title":{"rendered":"Conference &#8220;Below Ground: Contemporary Mass Grave Exhumations from the Spanish Civil War&#8221;"},"content":{"rendered":"<div>\n<p><a href=\"\/images\/stories\/imagenes\/carteles_conferencias\/\/junio_2011\/\/rr_junio_en_web_new.jpg\"><img decoding=\"async\" class=\"alignleft\" src=\"\/images\/stories\/imagenes\/carteles_conferencias\/\/junio_2011\/\/thumbs\/thumb_rr_junio_en_web_new.jpg\" \/><\/a><a href=\"\/images\/stories\/imagenes\/carteles_conferencias\/\/junio_2011\/\/rr_junio_es_web.jpg\"><img decoding=\"async\" src=\"\/images\/stories\/imagenes\/carteles_conferencias\/\/junio_2011\/\/thumbs\/thumb_rr_junio_es_web.jpg\" \/><\/a><\/p>\n<p>CCHS-CSIC \/ Madrid, June 29th &#8211; July 1st, 2011 (9:30-19:00\u00a0 h.)<\/p>\n<p>Sala Men\u00e9ndez Pidal (0E18)<br \/>\nCentro de Ciencias Humanas y Sociales, CSIC<br \/>\nC\/Albasanz, 26-28. Madrid 28037, SPAIN<br \/>\nMetro Ciudad Lineal y Suances.<\/p>\n<p>Free Entry<strong><br \/>\n<\/strong><a href=\"http:\/\/www.cchs.csic.es\/es\/content\/%C2%BFc%C3%B3mo-llegar\" target=\"_blank\" rel=\"noopener\">Getting there <\/a><\/p>\n<p><em>* Most of the papers in the conference will be delivered in Spanish<\/em><strong><br \/>\n<\/strong><\/p>\n<\/div>\n<p>&nbsp;<\/p>\n<p><strong><strong><strong>PROGRAM<\/strong><\/strong><\/strong><\/p>\n<p><span style=\"text-decoration: underline;\"><strong>Wednesday, June 29<\/strong><\/span><br \/>\n<strong>9:30 a.m Presentation<\/strong><\/p>\n<ul>\n<li>Eduardo Manzano (CCHS-CSIC)<\/li>\n<li>Francisco Ferr\u00e1ndiz (CCHS-CSIC)<\/li>\n<\/ul>\n<p><strong><strong><strong>10:00 a.m\u00a0<\/strong> Inaugural<\/strong> <strong><strong>Conference<\/strong><\/strong>:\u00a0<strong>Hoenik Kwon (London School of Economics). <\/strong><em>Placing the Civil War Dead<\/em><\/strong><\/p>\n<div class='avia-iframe-wrap'><iframe loading=\"lazy\" title=\"Placing the Civil War Dead - Enterrar a los muertos de la Guerra Civil\" width=\"1333\" height=\"1000\" src=\"https:\/\/www.youtube.com\/embed\/vH-KjUxxsQM?feature=oembed\" frameborder=\"0\" allow=\"accelerometer; autoplay; clipboard-write; encrypted-media; gyroscope; picture-in-picture\" allowfullscreen><\/iframe><\/div>\n<p><strong>12:00 a.m &#8211; 14:00<\/strong> p.m <strong><strong>Mesa de ponentes:<\/strong><\/strong>: Pol\u00edticas de la memoria y el impacto contempor\u00e1neo de las exhumaciones<\/p>\n<ul>\n<li>Moderator: Reyes Mate (CCHS-CSIC)<\/li>\n<li>Paloma Aguilar (UNED): Pol\u00edticas de la memoria y memorias de la pol\u00edtica (por confirmar)<\/li>\n<li>Francisco Ferr\u00e1ndiz (CCHS-CSIC): Ultratumba: Fosas comunes y fusilados del siglo XXI<\/li>\n<li>Francisco Etxeberria (U Pa\u00eds Vasco): Exhumaciones contempor\u00e1neas en Espa\u00f1a: Perspectiva m\u00e9dico-forense<\/li>\n<\/ul>\n<div class='avia-iframe-wrap'><iframe loading=\"lazy\" title=\"Pol\u00edticas de la memoria y el impacto contempor\u00e1neo de las exhumaciones\" width=\"1333\" height=\"1000\" src=\"https:\/\/www.youtube.com\/embed\/nkP8JdKekL0?feature=oembed\" frameborder=\"0\" allow=\"accelerometer; autoplay; clipboard-write; encrypted-media; gyroscope; picture-in-picture\" allowfullscreen><\/iframe><\/div>\n<p><strong><strong>16:00-18:00 <strong><strong><strong><strong> p.m <\/strong><\/strong><strong><strong>Mesa de ponentes:<\/strong><\/strong> <\/strong><\/strong> Mediaciones culturales<br \/>\n<\/strong><\/strong><\/p>\n<ul>\n<li>Moderator: Luis D\u00edaz (CCHS-CSIC)<\/li>\n<li>Alejandro Baer (U Bayreuth): Memoria colectiva y globalizaci\u00f3n: del Holocausto a las fosas de Franco<\/li>\n<li>Luis Mart\u00edn Cabrera (U California San Diego): El lenguaje de la memoria: obsolescencia, testimonio e historia oral<\/li>\n<li>Germ\u00e1n Labrador M\u00e9ndez (U Princeton): Poes\u00eda, represi\u00f3n y tumbas: Las voces de los muertos de Jos\u00e9 Luis Hidalgo (1947)<\/li>\n<\/ul>\n<div class='avia-iframe-wrap'><iframe loading=\"lazy\" title=\"Mediaciones culturales\" width=\"1333\" height=\"1000\" src=\"https:\/\/www.youtube.com\/embed\/TkT1ZwuNyQQ?feature=oembed\" frameborder=\"0\" allow=\"accelerometer; autoplay; clipboard-write; encrypted-media; gyroscope; picture-in-picture\" allowfullscreen><\/iframe><\/div>\n<p><strong><strong><span style=\"text-decoration: underline;\"><strong>Thursday, June 30<\/strong><\/span><br \/>\n9:30<strong><strong>\u00a0<\/strong><\/strong>-11:30\u00a0<strong><strong> a.m<\/strong><\/strong> Invited Lecture:<br \/>\n<\/strong><\/strong><\/p>\n<ul>\n<li>Victoria Sanford (City U New York): Conflicto armado y exhumaciones en Guatemala<\/li>\n<\/ul>\n<div class='avia-iframe-wrap'><iframe loading=\"lazy\" title=\"Conflicto armado y exhumaciones en Guatemala\" width=\"1333\" height=\"1000\" src=\"https:\/\/www.youtube.com\/embed\/qoxRmpEMM7U?feature=oembed\" frameborder=\"0\" allow=\"accelerometer; autoplay; clipboard-write; encrypted-media; gyroscope; picture-in-picture\" allowfullscreen><\/iframe><\/div>\n<p>&nbsp;<\/p>\n<p><strong><strong>12:00-14:00\u00a0<strong><strong> p.m <\/strong><\/strong> <strong><strong><strong><strong>Mesa de ponentes<\/strong><\/strong>:<\/strong><\/strong> Memorias transnacionales y justicia universal<br \/>\n<\/strong><\/strong><\/p>\n<ul>\n<li>Moderator: Juan Villar\u00edas (CCHS-CSIC)<\/li>\n<li>Stephanie Golob (Baruch College-CUNY): Siting\/Citing the Global: International Law, Globalized Norms, and Garz\u00f3n\u2019s \u2018Caso Franquismo\u2019 (2008)<\/li>\n<li>Ulrike Capdep\u00f3n (CCHS-CSIC Madrid): Los desaparecidos de la Guerra Civil: entre pr\u00e1cticas locales y normas universales de confrontarse al pasado franquista<\/li>\n<li>Mar\u00eda Garc\u00eda Alonso (UNED): Ca\u00eddos, h\u00e9roes, m\u00e1rtires y v\u00edctimas. Transformaciones en la memoria pol\u00edtica de la derecha en la Espa\u00f1a contempor\u00e1nea<\/li>\n<\/ul>\n<div class='avia-iframe-wrap'><iframe loading=\"lazy\" title=\"Memorias transnacionales y justicia universal\" width=\"1333\" height=\"1000\" src=\"https:\/\/www.youtube.com\/embed\/UEnprUsf5Zg?feature=oembed\" frameborder=\"0\" allow=\"accelerometer; autoplay; clipboard-write; encrypted-media; gyroscope; picture-in-picture\" allowfullscreen><\/iframe><\/div>\n<p><strong><strong>16:00-18:00 <strong><strong> p.m\u00a0<\/strong><\/strong>Mesa de ponentes: Perspectivas comparadas<br \/>\n<\/strong><\/strong><\/p>\n<ul>\n<li>Moderator: Gabriel Gatti (UPV-EHU)<\/li>\n<li>Luis Fondebrider (EAAF): La b\u00fasqueda cient\u00edfica de personas desaparecidas en procesos de violencia pol\u00edtica<\/li>\n<li>Antonius Robben (U Utrecht): Memory, Mourning and Exhumations in Chile and Argentina<\/li>\n<li>Carlos Closa (CCHS-CSIC): El \u2018Informe Closa\u2019: Perspectivas europeas<\/li>\n<\/ul>\n<div class='avia-iframe-wrap'><iframe loading=\"lazy\" title=\"Perspectivas comparadas\" width=\"1333\" height=\"1000\" src=\"https:\/\/www.youtube.com\/embed\/CIPFaNT_Ka4?feature=oembed\" frameborder=\"0\" allow=\"accelerometer; autoplay; clipboard-write; encrypted-media; gyroscope; picture-in-picture\" allowfullscreen><\/iframe><\/div>\n<p><strong><strong><span style=\"text-decoration: underline;\"><strong>Friday, July 1<\/strong><\/span><br \/>\n9:30-11:30\u00a0<strong><strong> a.m<\/strong><\/strong> Invited Lecture:<br \/>\n<\/strong><\/strong><\/p>\n<ul>\n<li>G\u00fcnter Schwaiger (Mosolov-P): Santa Cruz por ejemplo (documental)<\/li>\n<\/ul>\n<div class='avia-iframe-wrap'><iframe loading=\"lazy\" title=\"Santa Cruz por ejemplo\" width=\"1333\" height=\"1000\" src=\"https:\/\/www.youtube.com\/embed\/DZNtSW-YOB4?feature=oembed\" frameborder=\"0\" allow=\"accelerometer; autoplay; clipboard-write; encrypted-media; gyroscope; picture-in-picture\" allowfullscreen><\/iframe><\/div>\n<p><strong><strong>12:00 a.m -14:30\u00a0<strong><strong> p.m\u00a0<\/strong><\/strong>Mesa de ponentes: El movimiento de la memoria hist\u00f3rica<br \/>\n<\/strong><\/strong><\/p>\n<ul>\n<li>Moderator: Emilio Silva (Presidente ARMH)<\/li>\n<li>Guillermo Fouce (U Carlos III de Madrid): Psicolog\u00eda y memoria hist\u00f3rica<\/li>\n<li>\u00c1ngel del R\u00edo (U Sevilla): Memorias en conflicto: An\u00e1lisis antropol\u00f3gico de las pol\u00edticas de la memoria en Andaluc\u00eda<\/li>\n<li>Ariel Jerez (U Complutense de Madrid): La Plataforma contra la Impunidad del franquismo<\/li>\n<li>Jos\u00e9 Luis Muga (U Rey Juan Carlos): La apertura de las fosas comunes como impulso para recuperar la memoria democr\u00e1tica<\/li>\n<\/ul>\n<div class='avia-iframe-wrap'><iframe loading=\"lazy\" title=\"El movimiento de la Memoria Hist\u00f3rica\" width=\"1333\" height=\"1000\" src=\"https:\/\/www.youtube.com\/embed\/QQIbs8ymMug?feature=oembed\" frameborder=\"0\" allow=\"accelerometer; autoplay; clipboard-write; encrypted-media; gyroscope; picture-in-picture\" allowfullscreen><\/iframe><\/div>\n<p>&nbsp;<\/p>\n<p><strong><strong>16:00-18:00 <strong><strong> p.m <\/strong><\/strong><strong><strong><strong><strong>Mesa de ponentes<\/strong><\/strong><\/strong><\/strong>: Enfoques hist\u00f3ricos y locales<br \/>\n<\/strong><\/strong><\/p>\n<ul>\n<li style=\"list-style-type: none;\">\n<ul>\n<li>Moderator: Pedro Tom\u00e9 (CCHS-CSIC)<\/li>\n<li>Queralt Sol\u00e9 (U Barcelona): La represi\u00f3n de g\u00e9nero en la guerra civil: La violencia de los sublevados<\/li>\n<li>Jos\u00e9 Ignacio Fern\u00e1ndez de Mata (U Burgos): Silencios insertados en la memoria: Los conflictos de la culpa en la recuperaci\u00f3n de la Rep\u00fablica<\/li>\n<li>Luis R\u00edos (U Aut\u00f3noma Madrid): Estudio antropol\u00f3gico forense de restos \u00f3seos humanos exhumados de fosas comunes del periodo de la guerra civil (1936-1939) y de cementerios de presos de la inmediata posguerra (1938-1943)<\/li>\n<\/ul>\n<\/li>\n<\/ul>\n<div class='avia-iframe-wrap'><iframe loading=\"lazy\" title=\"Enfoques hist\u00f3ricos y locales\" width=\"1333\" height=\"1000\" src=\"https:\/\/www.youtube.com\/embed\/qpihjxLbXuA?feature=oembed\" frameborder=\"0\" allow=\"accelerometer; autoplay; clipboard-write; encrypted-media; gyroscope; picture-in-picture\" allowfullscreen><\/iframe><\/div>\n<p>&nbsp;<\/p>\n<p><strong><strong><br \/>\nORGANIZATION OF CONGRESS:<br \/>\n<\/strong><br \/>\n<strong>Proyecto I+D+i: Las pol\u00edticas de la memoria: An\u00e1lisis del impacto de las exhumaciones de la Guerra Civil en los primeros a\u00f1os del siglo XXI (MICINN, CSO2009\u201309681)<\/strong><strong><br \/>\n<\/strong><\/strong><\/p>\n<p style=\"text-align: center;\"><strong><strong>&#8212;&#8212;&#8212;&#8212;&#8212;&#8212;&#8212;&#8212;&#8212;&#8212;&#8212;&#8212;&#8212;&#8212;&#8212;&#8212;&#8212;&#8212;&#8212;&#8212;&#8212;&#8212;&#8212;&#8212;&#8212;&#8212;&#8212;&#8212;&#8212;&#8212;&#8212;&#8212;&#8212;&#8212;&#8212;&#8212;&#8212;&#8212;&#8212;&#8212;&#8212;&#8212;&#8212;&#8212;&#8211; <\/strong><\/strong><\/p>\n<p><a class=\"jce_file_custom\" href=\"\/images\/stories\/documentos\/actividades_equipo\/ConferenciaBajoTierraCSIC2011Final.pdf\" target=\"_blank\" rel=\"noopener\"><strong>PDF Program<\/strong><\/a><\/p>\n<p style=\"text-align: left;\"><strong><strong>\u00a0<\/strong><\/strong><\/p>\n","protected":false},"excerpt":{"rendered":"<p>CCHS-CSIC \/ Madrid, June 29th &#8211; July 1st, 2011 (9:30-19:00\u00a0 h.) Sala Men\u00e9ndez Pidal (0E18) Centro de Ciencias Humanas y Sociales, CSIC C\/Albasanz, 26-28. Madrid 28037, SPAIN Metro Ciudad Lineal y Suances. Free Entry Getting there * Most of the papers in the conference will be delivered in Spanish &nbsp; PROGRAM Wednesday, June 29 9:30 [&hellip;]<\/p>\n","protected":false},"author":2,"featured_media":20306,"comment_status":"open","ping_status":"closed","sticky":false,"template":"","format":"standard","meta":{"footnotes":""},"categories":[602],"tags":[],"class_list":["post-546","post","type-post","status-publish","format-standard","has-post-thumbnail","hentry","category-enfaces-and-traces-of-violence-lecture-series-en","has-post-video"],"_links":{"self":[{"href":"https:\/\/politicasdelamemoria.org\/en\/wp-json\/wp\/v2\/posts\/546","targetHints":{"allow":["GET"]}}],"collection":[{"href":"https:\/\/politicasdelamemoria.org\/en\/wp-json\/wp\/v2\/posts"}],"about":[{"href":"https:\/\/politicasdelamemoria.org\/en\/wp-json\/wp\/v2\/types\/post"}],"author":[{"embeddable":true,"href":"https:\/\/politicasdelamemoria.org\/en\/wp-json\/wp\/v2\/users\/2"}],"replies":[{"embeddable":true,"href":"https:\/\/politicasdelamemoria.org\/en\/wp-json\/wp\/v2\/comments?post=546"}],"version-history":[{"count":2,"href":"https:\/\/politicasdelamemoria.org\/en\/wp-json\/wp\/v2\/posts\/546\/revisions"}],"predecessor-version":[{"id":20305,"href":"https:\/\/politicasdelamemoria.org\/en\/wp-json\/wp\/v2\/posts\/546\/revisions\/20305"}],"wp:featuredmedia":[{"embeddable":true,"href":"https:\/\/politicasdelamemoria.org\/en\/wp-json\/wp\/v2\/media\/20306"}],"wp:attachment":[{"href":"https:\/\/politicasdelamemoria.org\/en\/wp-json\/wp\/v2\/media?parent=546"}],"wp:term":[{"taxonomy":"category","embeddable":true,"href":"https:\/\/politicasdelamemoria.org\/en\/wp-json\/wp\/v2\/categories?post=546"},{"taxonomy":"post_tag","embeddable":true,"href":"https:\/\/politicasdelamemoria.org\/en\/wp-json\/wp\/v2\/tags?post=546"}],"curies":[{"name":"wp","href":"https:\/\/api.w.org\/{rel}","templated":true}]}}