{"id":565,"date":"2011-12-01T13:54:38","date_gmt":"2011-12-01T13:54:38","guid":{"rendered":""},"modified":"2014-12-12T18:44:59","modified_gmt":"2014-12-12T17:44:59","slug":"329-en-informe-de-la-comision-de-expertos-para-el-futuro-del-valle-de-los-caidos","status":"publish","type":"post","link":"https:\/\/politicasdelamemoria.org\/en\/2011\/12\/329-en-informe-de-la-comision-de-expertos-para-el-futuro-del-valle-de-los-caidos\/","title":{"rendered":"Report by the Commission of Experts on the Future of the Valley of the Fallen"},"content":{"rendered":"<p>El ministro de la Presidencia, Ram\u00f3n J\u00e1uregui y los dos presidentes de la Comisi\u00f3n de Expertos para el futuro del Valle de los Ca\u00eddos, Virgilio Zapatero y Pedro Jos\u00e9 Gonz\u00e1lez-Trevijano,&nbsp;han presentado&nbsp;el informe que ha elaborado este grupo de trabajo sobre las posibles actuaciones a desarrollar en el Valle de los Ca\u00eddos.<\/p>\n<p><strong><a target=\"_blank\" href=\"http:\/\/www.mpr.es\/uploads\/media\/pdf\/5\/informe-comision-expertos-valle-caidos_1322570334.pdf\">Acceso al informe en&nbsp;pdf<\/a><\/strong><\/p>\n","protected":false},"excerpt":{"rendered":"<p>El ministro de la Presidencia, Ram\u00f3n J\u00e1uregui y los dos presidentes de la Comisi\u00f3n de Expertos para el futuro del Valle de los Ca\u00eddos, Virgilio Zapatero y Pedro Jos\u00e9 Gonz\u00e1lez-Trevijano,&nbsp;han presentado&nbsp;el informe que ha elaborado este grupo de trabajo sobre las posibles actuaciones a desarrollar en el Valle de los Ca\u00eddos. Acceso al informe en&nbsp;pdf<\/p>\n","protected":false},"author":2,"featured_media":0,"comment_status":"open","ping_status":"closed","sticky":false,"template":"","format":"standard","meta":{"footnotes":""},"categories":[419],"tags":[],"class_list":["post-565","post","type-post","status-publish","format-standard","hentry","category-en-exhumations-and-mass-graves-maps-en"],"_links":{"self":[{"href":"https:\/\/politicasdelamemoria.org\/en\/wp-json\/wp\/v2\/posts\/565","targetHints":{"allow":["GET"]}}],"collection":[{"href":"https:\/\/politicasdelamemoria.org\/en\/wp-json\/wp\/v2\/posts"}],"about":[{"href":"https:\/\/politicasdelamemoria.org\/en\/wp-json\/wp\/v2\/types\/post"}],"author":[{"embeddable":true,"href":"https:\/\/politicasdelamemoria.org\/en\/wp-json\/wp\/v2\/users\/2"}],"replies":[{"embeddable":true,"href":"https:\/\/politicasdelamemoria.org\/en\/wp-json\/wp\/v2\/comments?post=565"}],"version-history":[{"count":0,"href":"https:\/\/politicasdelamemoria.org\/en\/wp-json\/wp\/v2\/posts\/565\/revisions"}],"wp:attachment":[{"href":"https:\/\/politicasdelamemoria.org\/en\/wp-json\/wp\/v2\/media?parent=565"}],"wp:term":[{"taxonomy":"category","embeddable":true,"href":"https:\/\/politicasdelamemoria.org\/en\/wp-json\/wp\/v2\/categories?post=565"},{"taxonomy":"post_tag","embeddable":true,"href":"https:\/\/politicasdelamemoria.org\/en\/wp-json\/wp\/v2\/tags?post=565"}],"curies":[{"name":"wp","href":"https:\/\/api.w.org\/{rel}","templated":true}]}}