{"id":588,"date":"2011-11-22T21:00:00","date_gmt":"2011-11-22T21:00:00","guid":{"rendered":""},"modified":"2015-03-12T10:31:00","modified_gmt":"2015-03-12T09:31:00","slug":"324-en-morir-de-suenostrailer","status":"publish","type":"post","link":"https:\/\/politicasdelamemoria.org\/en\/2011\/11\/324-en-morir-de-suenostrailer\/","title":{"rendered":"The Dying of Dreams \/ trailer"},"content":{"rendered":"<p>http:\/\/vimeo.com\/28868215<\/p>\n<p>Clemente Bernard<\/p>\n<p>&#8220;Morir de sue\u00f1os&#8221; es un cortometraje documental que forma parte del proyecto &#8220;Donde habita el recuerdo&#8221;, sobre los trabajos de exhumaci\u00f3n de fosas comunes de la Guerra Civil Espa\u00f1ola, junto con el libro &#8220;Desvelados&#8221;, editado por Alkibla Editorial.<\/p>\n<p><a target=\"_blank\" href=\"http:\/\/www.clementebernad.com\/clemente_bernad\/morir_de_suenos.html\">M\u00e1s informaci\u00f3n<\/a><\/p>\n","protected":false},"excerpt":{"rendered":"<p>http:\/\/vimeo.com\/28868215 Clemente Bernard &#8220;Morir de sue\u00f1os&#8221; es un cortometraje documental que forma parte del proyecto &#8220;Donde habita el recuerdo&#8221;, sobre los trabajos de exhumaci\u00f3n de fosas comunes de la Guerra Civil Espa\u00f1ola, junto con el libro &#8220;Desvelados&#8221;, editado por Alkibla Editorial. M\u00e1s informaci\u00f3n<\/p>\n","protected":false},"author":2,"featured_media":8818,"comment_status":"open","ping_status":"closed","sticky":false,"template":"","format":"standard","meta":{"footnotes":""},"categories":[605],"tags":[],"class_list":["post-588","post","type-post","status-publish","format-standard","has-post-thumbnail","hentry","category-enrecommended-audiovisuals-en","has-post-video"],"_links":{"self":[{"href":"https:\/\/politicasdelamemoria.org\/en\/wp-json\/wp\/v2\/posts\/588","targetHints":{"allow":["GET"]}}],"collection":[{"href":"https:\/\/politicasdelamemoria.org\/en\/wp-json\/wp\/v2\/posts"}],"about":[{"href":"https:\/\/politicasdelamemoria.org\/en\/wp-json\/wp\/v2\/types\/post"}],"author":[{"embeddable":true,"href":"https:\/\/politicasdelamemoria.org\/en\/wp-json\/wp\/v2\/users\/2"}],"replies":[{"embeddable":true,"href":"https:\/\/politicasdelamemoria.org\/en\/wp-json\/wp\/v2\/comments?post=588"}],"version-history":[{"count":0,"href":"https:\/\/politicasdelamemoria.org\/en\/wp-json\/wp\/v2\/posts\/588\/revisions"}],"wp:featuredmedia":[{"embeddable":true,"href":"https:\/\/politicasdelamemoria.org\/en\/wp-json\/wp\/v2\/media\/8818"}],"wp:attachment":[{"href":"https:\/\/politicasdelamemoria.org\/en\/wp-json\/wp\/v2\/media?parent=588"}],"wp:term":[{"taxonomy":"category","embeddable":true,"href":"https:\/\/politicasdelamemoria.org\/en\/wp-json\/wp\/v2\/categories?post=588"},{"taxonomy":"post_tag","embeddable":true,"href":"https:\/\/politicasdelamemoria.org\/en\/wp-json\/wp\/v2\/tags?post=588"}],"curies":[{"name":"wp","href":"https:\/\/api.w.org\/{rel}","templated":true}]}}