{"id":594,"date":"2011-10-29T14:59:04","date_gmt":"2011-10-29T14:59:04","guid":{"rendered":""},"modified":"2011-10-29T14:59:04","modified_gmt":"2011-10-29T14:59:04","slug":"327-en--arte-y-memoria","status":"publish","type":"post","link":"https:\/\/politicasdelamemoria.org\/en\/2011\/10\/327-en--arte-y-memoria\/","title":{"rendered":"Art and Memory"},"content":{"rendered":"<div><a href=\"\/images\/stories\/imagenes\/carteles_conferencias\/noviembre_2011\/\/rr_noviembre_11.jpg\"><img decoding=\"async\" src=\"\/images\/stories\/imagenes\/carteles_conferencias\/noviembre_2011\/\/thumbs\/thumb_rr_noviembre_11.jpg\" class=\"alignleft\" \/><\/a><strong><\/strong><\/p>\n<p><strong>Angel de la Rubia, Clemente Bernad, Jorge Moreno<\/strong><\/p>\n<p><strong>Organized by:<\/strong><\/p>\n<ul>\n<li><strong><a target=\"_blank\" href=\"http:\/\/memoriasenred.tumblr.com\/\">Memorias en Red. Grupo internacional de j\u00f3venes investigadores<\/a><\/strong><\/li>\n<li><strong><a target=\"_blank\" href=\"es\/el-proyecto\/presentacion.html\">Proyecto \u2018Las pol\u00edticas de la memoria en la Espa\u00f1a actual: Balance de una d\u00e9cada de exhumaciones\u2019<\/a> (CS02009-09681)<\/strong><\/li>\n<li><strong><a target=\"_blank\" href=\"http:\/\/www.humanitariannet.deusto.es\/SPBuild\/\">Proyecto 7 PM ITN Marie Curie \u2018Sustainable Peace Building\u2019<\/a> (238589)<\/strong><\/li>\n<li><strong><a target=\"_blank\" href=\"http:\/\/jusmenacu.net\/\">L\u00ednea de investigaci\u00f3n: \u201cJusticia: Memoria, narraci\u00f3n y cultura\u2019 (JUSMENACU)<\/a><\/strong><\/li>\n<\/ul>\n<p><strong>November 10, 2011<\/strong><br \/><strong>10:00-14:00 hrs<\/strong><\/p>\n<p>Sala Manuel de Ter\u00e1n, 3F8 <br \/>Centro de Ciencias Humanas y Sociales, CSIC<br \/>C\/Albasanz, 26-28<br \/>Metro Ciudad Lineal y Suanzes<br \/>Free Entry<\/p>\n<p><strong><a style=\"color: #f89a20; text-decoration: none;\" target=\"_blank\" href=\"http:\/\/www.cchs.csic.es\/es\/content\/%C2%BFc%C3%B3mo-llegar\">Venue?<\/a><\/strong><\/p>\n<\/div>\n","protected":false},"excerpt":{"rendered":"<p>Angel de la Rubia, Clemente Bernad, Jorge Moreno Organized by: Memorias en Red. Grupo internacional de j\u00f3venes investigadores Proyecto \u2018Las pol\u00edticas de la memoria en la Espa\u00f1a actual: Balance de una d\u00e9cada de exhumaciones\u2019 (CS02009-09681) Proyecto 7 PM ITN Marie Curie \u2018Sustainable Peace Building\u2019 (238589) L\u00ednea de investigaci\u00f3n: \u201cJusticia: Memoria, narraci\u00f3n y cultura\u2019 (JUSMENACU) November [&hellip;]<\/p>\n","protected":false},"author":2,"featured_media":1979,"comment_status":"open","ping_status":"closed","sticky":false,"template":"","format":"standard","meta":{"footnotes":""},"categories":[602],"tags":[],"class_list":["post-594","post","type-post","status-publish","format-standard","has-post-thumbnail","hentry","category-enfaces-and-traces-of-violence-lecture-series-en"],"_links":{"self":[{"href":"https:\/\/politicasdelamemoria.org\/en\/wp-json\/wp\/v2\/posts\/594","targetHints":{"allow":["GET"]}}],"collection":[{"href":"https:\/\/politicasdelamemoria.org\/en\/wp-json\/wp\/v2\/posts"}],"about":[{"href":"https:\/\/politicasdelamemoria.org\/en\/wp-json\/wp\/v2\/types\/post"}],"author":[{"embeddable":true,"href":"https:\/\/politicasdelamemoria.org\/en\/wp-json\/wp\/v2\/users\/2"}],"replies":[{"embeddable":true,"href":"https:\/\/politicasdelamemoria.org\/en\/wp-json\/wp\/v2\/comments?post=594"}],"version-history":[{"count":0,"href":"https:\/\/politicasdelamemoria.org\/en\/wp-json\/wp\/v2\/posts\/594\/revisions"}],"wp:featuredmedia":[{"embeddable":true,"href":"https:\/\/politicasdelamemoria.org\/en\/wp-json\/wp\/v2\/media\/1979"}],"wp:attachment":[{"href":"https:\/\/politicasdelamemoria.org\/en\/wp-json\/wp\/v2\/media?parent=594"}],"wp:term":[{"taxonomy":"category","embeddable":true,"href":"https:\/\/politicasdelamemoria.org\/en\/wp-json\/wp\/v2\/categories?post=594"},{"taxonomy":"post_tag","embeddable":true,"href":"https:\/\/politicasdelamemoria.org\/en\/wp-json\/wp\/v2\/tags?post=594"}],"curies":[{"name":"wp","href":"https:\/\/api.w.org\/{rel}","templated":true}]}}