{"id":600,"date":"2010-12-22T17:09:09","date_gmt":"2010-12-22T17:09:09","guid":{"rendered":""},"modified":"2010-12-22T17:09:09","modified_gmt":"2010-12-22T17:09:09","slug":"191-en--poesia-represion-y-tumbas-las-voces-de-los-muertos-de-jose-luis-hidalgo-1947","status":"publish","type":"post","link":"https:\/\/politicasdelamemoria.org\/en\/2010\/12\/191-en--poesia-represion-y-tumbas-las-voces-de-los-muertos-de-jose-luis-hidalgo-1947\/","title":{"rendered":"Poes\u00eda, posguerra, represi\u00f3n y tumbas. Las voces de &#8220;Los muertos&#8221; de Jos\u00e9 Luis Hidalgo (1947)"},"content":{"rendered":"<div>\n<p><a href=\"\/images\/stories\/imagenes\/carteles_conferencias\/enero_2011\/\/rr_enero_2011.jpg\"><img decoding=\"async\" src=\"\/images\/stories\/imagenes\/carteles_conferencias\/enero_2011\/\/thumbs\/thumb_rr_enero_2011.jpg\" class=\"alignleft\" \/><\/a><\/p>\n<p><strong><strong><strong><strong>Lecture by <\/strong><\/strong> <\/strong>Germ\u00e1n Labrador \u00a0M\u00e9ndez (Princeton University)<\/strong><\/p>\n<p><strong> <\/strong><strong> <\/strong><\/p>\n<p><strong>J<\/strong><strong><strong>anuary 20, <\/strong>2011<strong>,<strong>12:00 p.m<\/strong><\/strong><\/strong> <\/p>\n<p>Sala Ram\u00f3n Carande (2F8\/2F23)<br \/>Centro de Ciencias Humanas y Sociales, CSIC<br \/>C\/Albasanz, 26-28<br \/>Metro Ciudad Lineal y Suanzes<br \/>Free Entry<strong><\/strong><\/p>\n<p><a target=\"_blank\" href=\"http:\/\/www.cchs.csic.es\/en\/content\/venue\"><strong><span style=\"color: #f89a20; text-decoration: none;\">Venue<\/span><\/strong><\/a><\/p>\n<p><strong><\/strong><\/div>\n","protected":false},"excerpt":{"rendered":"<p>Lecture by Germ\u00e1n Labrador \u00a0M\u00e9ndez (Princeton University) January 20, 2011,12:00 p.m Sala Ram\u00f3n Carande (2F8\/2F23)Centro de Ciencias Humanas y Sociales, CSICC\/Albasanz, 26-28Metro Ciudad Lineal y SuanzesFree Entry Venue<\/p>\n","protected":false},"author":2,"featured_media":1986,"comment_status":"open","ping_status":"closed","sticky":false,"template":"","format":"standard","meta":{"footnotes":""},"categories":[602],"tags":[],"class_list":["post-600","post","type-post","status-publish","format-standard","has-post-thumbnail","hentry","category-enfaces-and-traces-of-violence-lecture-series-en"],"_links":{"self":[{"href":"https:\/\/politicasdelamemoria.org\/en\/wp-json\/wp\/v2\/posts\/600","targetHints":{"allow":["GET"]}}],"collection":[{"href":"https:\/\/politicasdelamemoria.org\/en\/wp-json\/wp\/v2\/posts"}],"about":[{"href":"https:\/\/politicasdelamemoria.org\/en\/wp-json\/wp\/v2\/types\/post"}],"author":[{"embeddable":true,"href":"https:\/\/politicasdelamemoria.org\/en\/wp-json\/wp\/v2\/users\/2"}],"replies":[{"embeddable":true,"href":"https:\/\/politicasdelamemoria.org\/en\/wp-json\/wp\/v2\/comments?post=600"}],"version-history":[{"count":0,"href":"https:\/\/politicasdelamemoria.org\/en\/wp-json\/wp\/v2\/posts\/600\/revisions"}],"wp:featuredmedia":[{"embeddable":true,"href":"https:\/\/politicasdelamemoria.org\/en\/wp-json\/wp\/v2\/media\/1986"}],"wp:attachment":[{"href":"https:\/\/politicasdelamemoria.org\/en\/wp-json\/wp\/v2\/media?parent=600"}],"wp:term":[{"taxonomy":"category","embeddable":true,"href":"https:\/\/politicasdelamemoria.org\/en\/wp-json\/wp\/v2\/categories?post=600"},{"taxonomy":"post_tag","embeddable":true,"href":"https:\/\/politicasdelamemoria.org\/en\/wp-json\/wp\/v2\/tags?post=600"}],"curies":[{"name":"wp","href":"https:\/\/api.w.org\/{rel}","templated":true}]}}