{"id":603,"date":"2010-06-23T09:46:40","date_gmt":"2010-06-23T09:46:40","guid":{"rendered":""},"modified":"2010-06-23T09:46:40","modified_gmt":"2010-06-23T09:46:40","slug":"112-en--presentacion-del-libro-unearthing-francoas-legacy","status":"publish","type":"post","link":"https:\/\/politicasdelamemoria.org\/en\/2010\/06\/112-en--presentacion-del-libro-unearthing-francoas-legacy\/","title":{"rendered":"Presentation of the book &#8220;Unearthing Franco\u00b4s Legacy&#8221;"},"content":{"rendered":"<div>\n<p><a href=\"\/images\/stories\/imagenes\/carteles_conferencias\/Unearthing\/\/presentacion_unearthing.jpg\"><img decoding=\"async\" src=\"\/images\/stories\/imagenes\/carteles_conferencias\/Unearthing\/\/thumbs\/thumb_presentacion_unearthing.jpg\" class=\"alignleft\" \/><\/a><\/p>\n<p><strong>Audio de la conferencia:<\/strong><\/p>\n<p><o-bject width=\"100\" height=\"100\" classid=\"clsid:d27cdb6e-ae6d-11cf-96b8-444553540000\" codebase=\"http:\/\/download.macromedia.com\/pub\/shockwave\/cabs\/flash\/swflash.cab#version=6,0,40,0\"><param name=\"allowfullscreen\" value=\"true\" \/><param name=\"allowscriptaccess\" value=\"always\" \/><param name=\"movie\" value=\"http:\/\/vimeo.com\/moogaloop.swf?clip_id=13080596&#038;server=vimeo.com&#038;show_title=1&#038;show_byline=1&#038;show_portrait=0&#038;color=ff9933&#038;fullscreen=1\" \/><e-mbed width=\"100\" height=\"100\" type=\"application\/x-shockwave-flash\" src=\"http:\/\/vimeo.com\/moogaloop.swf?clip_id=13080596&#038;server=vimeo.com&#038;show_title=1&#038;show_byline=1&#038;show_portrait=0&#038;color=ff9933&#038;fullscreen=1\" allowfullscreen=\"true\" allowscriptaccess=\"always\"> \u00a0<\/e-mbed><\/o-bject><\/p>\n<p><strong>Speakers: Francisco Ferr\u00e1ndiz (CCHS-CSIC) y <br \/>Carlos Jerez-Farr\u00e1n (Notre Dame <strong>University<\/strong>, Indiana, EEUU)<\/strong><\/p>\n<p>Book edited by Carlos Jerez-Farr\u00e1n and Samuel Amago University of Notre Dame Press, 2010.<\/p>\n<p><strong>Contributors:<\/strong> Samuel Amago, Montse Armengou Mart\u00edn, Juli\u00e1n Casanova, Ignacio Fern\u00e1ndez de Mata, Francisco Ferr\u00e1ndiz, Soledad Fox, Antonio G\u00f3mez L\u00f3pez-Qui\u00f1ones, Anne E. Hardcastle, Gina Herrmann, Carlos Jerez-Farr\u00e1n, Jo Labanyi, Paul Preston, Hilari Raguer Su\u00f1er, Joan Ram\u00f3n Resina, Michael Richards, Antonius C. G. M. Robben, and Giles Tremlett.<\/p>\n<p>\u00a0<strong>June\u00a030, 2010, 12:00 p.m<\/strong><\/p>\n<p>Sala Mar\u00eda Moliner (1F8\/1F22)<br \/>Centro de Ciencias Humanas y Sociales, CSIC<br \/>C\/Albasanz, 26-28. Madrid 28037 <br \/> Metro Ciudad Lineal y Suances<\/p>\n<p>Free Entry<strong><\/strong><\/p>\n<p><a target=\"_blank\" href=\"http:\/\/www.cchs.csic.es\/en\/content\/venue\"><strong><span style=\"color: #f89a20; text-decoration: none;\">Venue<\/span><\/strong><\/a><\/p>\n<p>\u00a0<\/p>\n<p>\u00a0<\/p>\n<\/div>\n","protected":false},"excerpt":{"rendered":"<p>Audio de la conferencia: \u00a0 Speakers: Francisco Ferr\u00e1ndiz (CCHS-CSIC) y Carlos Jerez-Farr\u00e1n (Notre Dame University, Indiana, EEUU) Book edited by Carlos Jerez-Farr\u00e1n and Samuel Amago University of Notre Dame Press, 2010. Contributors: Samuel Amago, Montse Armengou Mart\u00edn, Juli\u00e1n Casanova, Ignacio Fern\u00e1ndez de Mata, Francisco Ferr\u00e1ndiz, Soledad Fox, Antonio G\u00f3mez L\u00f3pez-Qui\u00f1ones, Anne E. Hardcastle, Gina Herrmann, [&hellip;]<\/p>\n","protected":false},"author":2,"featured_media":1988,"comment_status":"open","ping_status":"closed","sticky":false,"template":"","format":"standard","meta":{"footnotes":""},"categories":[602],"tags":[],"class_list":["post-603","post","type-post","status-publish","format-standard","has-post-thumbnail","hentry","category-enfaces-and-traces-of-violence-lecture-series-en"],"_links":{"self":[{"href":"https:\/\/politicasdelamemoria.org\/en\/wp-json\/wp\/v2\/posts\/603","targetHints":{"allow":["GET"]}}],"collection":[{"href":"https:\/\/politicasdelamemoria.org\/en\/wp-json\/wp\/v2\/posts"}],"about":[{"href":"https:\/\/politicasdelamemoria.org\/en\/wp-json\/wp\/v2\/types\/post"}],"author":[{"embeddable":true,"href":"https:\/\/politicasdelamemoria.org\/en\/wp-json\/wp\/v2\/users\/2"}],"replies":[{"embeddable":true,"href":"https:\/\/politicasdelamemoria.org\/en\/wp-json\/wp\/v2\/comments?post=603"}],"version-history":[{"count":0,"href":"https:\/\/politicasdelamemoria.org\/en\/wp-json\/wp\/v2\/posts\/603\/revisions"}],"wp:featuredmedia":[{"embeddable":true,"href":"https:\/\/politicasdelamemoria.org\/en\/wp-json\/wp\/v2\/media\/1988"}],"wp:attachment":[{"href":"https:\/\/politicasdelamemoria.org\/en\/wp-json\/wp\/v2\/media?parent=603"}],"wp:term":[{"taxonomy":"category","embeddable":true,"href":"https:\/\/politicasdelamemoria.org\/en\/wp-json\/wp\/v2\/categories?post=603"},{"taxonomy":"post_tag","embeddable":true,"href":"https:\/\/politicasdelamemoria.org\/en\/wp-json\/wp\/v2\/tags?post=603"}],"curies":[{"name":"wp","href":"https:\/\/api.w.org\/{rel}","templated":true}]}}