{"id":605,"date":"2010-05-29T16:08:06","date_gmt":"2010-05-29T16:08:06","guid":{"rendered":""},"modified":"2010-05-29T16:08:06","modified_gmt":"2010-05-29T16:08:06","slug":"64-en--fuerza-y-fraude-la-lingueistica-de-la-guerra-y-la-ecologia-del-discurso","status":"publish","type":"post","link":"https:\/\/politicasdelamemoria.org\/en\/2010\/05\/64-en--fuerza-y-fraude-la-lingueistica-de-la-guerra-y-la-ecologia-del-discurso\/","title":{"rendered":"Fuerza y fraude: La ling\u00fc\u00edstica de la guerra y la ecolog\u00eda del discurso"},"content":{"rendered":"<div><a href=\"\/images\/stories\/imagenes\/carteles_conferencias\/Mary_Louise_Pratt\/\/cartel_pratt_2008.jpg\"><img decoding=\"async\" src=\"\/images\/stories\/imagenes\/carteles_conferencias\/Mary_Louise_Pratt\/\/thumbs\/thumb_cartel_pratt_2008.jpg\" class=\"alignleft\" \/><\/a><\/p>\n<p><strong><br \/><\/strong><\/p>\n<p><strong>Lecture by Mary Louise Pratt<\/strong> (Department of Social and Cultural Analysis, University of New York)<\/p>\n<p><strong>April 24, 2008, 17:00 p.m<br \/><\/strong><\/p>\n<p>Centro de Ciencias Humanas y Sociales, CSIC<br \/>C\/Albasanz, 26-28<br \/>Metro Ciudad Lineal y Suanzes<br \/>Free Entry<strong><\/strong><\/p>\n<p><a target=\"_blank\" href=\"http:\/\/www.cchs.csic.es\/en\/content\/venue\"><strong><span style=\"color: #f89a20; text-decoration: none;\">Venue<\/span><\/strong><\/a><\/p>\n<p><strong><br \/><\/strong><\/p>\n<\/div>\n","protected":false},"excerpt":{"rendered":"<p>Lecture by Mary Louise Pratt (Department of Social and Cultural Analysis, University of New York) April 24, 2008, 17:00 p.m Centro de Ciencias Humanas y Sociales, CSICC\/Albasanz, 26-28Metro Ciudad Lineal y SuanzesFree Entry Venue<\/p>\n","protected":false},"author":2,"featured_media":1990,"comment_status":"open","ping_status":"closed","sticky":false,"template":"","format":"standard","meta":{"footnotes":""},"categories":[602],"tags":[],"class_list":["post-605","post","type-post","status-publish","format-standard","has-post-thumbnail","hentry","category-enfaces-and-traces-of-violence-lecture-series-en"],"_links":{"self":[{"href":"https:\/\/politicasdelamemoria.org\/en\/wp-json\/wp\/v2\/posts\/605","targetHints":{"allow":["GET"]}}],"collection":[{"href":"https:\/\/politicasdelamemoria.org\/en\/wp-json\/wp\/v2\/posts"}],"about":[{"href":"https:\/\/politicasdelamemoria.org\/en\/wp-json\/wp\/v2\/types\/post"}],"author":[{"embeddable":true,"href":"https:\/\/politicasdelamemoria.org\/en\/wp-json\/wp\/v2\/users\/2"}],"replies":[{"embeddable":true,"href":"https:\/\/politicasdelamemoria.org\/en\/wp-json\/wp\/v2\/comments?post=605"}],"version-history":[{"count":0,"href":"https:\/\/politicasdelamemoria.org\/en\/wp-json\/wp\/v2\/posts\/605\/revisions"}],"wp:featuredmedia":[{"embeddable":true,"href":"https:\/\/politicasdelamemoria.org\/en\/wp-json\/wp\/v2\/media\/1990"}],"wp:attachment":[{"href":"https:\/\/politicasdelamemoria.org\/en\/wp-json\/wp\/v2\/media?parent=605"}],"wp:term":[{"taxonomy":"category","embeddable":true,"href":"https:\/\/politicasdelamemoria.org\/en\/wp-json\/wp\/v2\/categories?post=605"},{"taxonomy":"post_tag","embeddable":true,"href":"https:\/\/politicasdelamemoria.org\/en\/wp-json\/wp\/v2\/tags?post=605"}],"curies":[{"name":"wp","href":"https:\/\/api.w.org\/{rel}","templated":true}]}}