{"id":8483,"date":"2011-05-06T12:25:50","date_gmt":"2011-05-06T10:25:50","guid":{"rendered":"https:\/\/politicasdelamemoria.org\/2012\/08\/doctors-without-borders-msf-5\/"},"modified":"2018-05-16T19:59:10","modified_gmt":"2018-05-16T17:59:10","slug":"medicos-sin-fronteras-msf-3","status":"publish","type":"post","link":"https:\/\/politicasdelamemoria.org\/en\/2011\/05\/medicos-sin-fronteras-msf-3\/","title":{"rendered":"M\u00e9dicos sin fronteras (MSF)"},"content":{"rendered":"<p>MSF son las siglas por las que se conoce en todo el mundo a M\u00e9dicos Sin Fronteras, una organizaci\u00f3n m\u00e9dico-humanitaria internacional que asiste a poblaciones en situaci\u00f3n precaria, y a v\u00edctimas de cat\u00e1strofes y de conflictos armados, sin discriminaci\u00f3n por raza, religi\u00f3n o ideolog\u00eda pol\u00edtica.<\/p>\n<div  class='avia-button-wrap av-22gfqi-0db6d1440213331bfb5e47abd41aacf4-wrap avia-button-left  avia-builder-el-0  avia-builder-el-no-sibling '><a href='http:\/\/www.msf.es\/'  class='avia-button av-22gfqi-0db6d1440213331bfb5e47abd41aacf4 av-link-btn avia-icon_select-yes-left-icon avia-size-medium avia-position-left avia-color-theme-color'  target=\"_blank\"  rel=\"noopener noreferrer\"  aria-label=\"P\u00e1gina web\"><span class='avia_button_icon avia_button_icon_left avia-iconfont avia-font-entypo-fontello' data-av_icon='\ue8b1' data-av_iconfont='entypo-fontello' ><\/span><span class='avia_iconbox_title' >P\u00e1gina web<\/span><\/a><\/div>\n","protected":false},"excerpt":{"rendered":"<p>MSF son las siglas por las que se conoce en todo el mundo a M\u00e9dicos Sin Fronteras, una organizaci\u00f3n m\u00e9dico-humanitaria internacional que asiste a poblaciones en situaci\u00f3n precaria, y a v\u00edctimas de cat\u00e1strofes y de conflictos armados, sin discriminaci\u00f3n por raza, religi\u00f3n o ideolog\u00eda pol\u00edtica.<\/p>\n","protected":false},"author":2,"featured_media":0,"comment_status":"open","ping_status":"closed","sticky":false,"template":"","format":"standard","meta":{"footnotes":""},"categories":[632],"tags":[708,698],"class_list":["post-8483","post","type-post","status-publish","format-standard","hentry","category-hm-institutions","tag-708","tag-migracion"],"_links":{"self":[{"href":"https:\/\/politicasdelamemoria.org\/en\/wp-json\/wp\/v2\/posts\/8483","targetHints":{"allow":["GET"]}}],"collection":[{"href":"https:\/\/politicasdelamemoria.org\/en\/wp-json\/wp\/v2\/posts"}],"about":[{"href":"https:\/\/politicasdelamemoria.org\/en\/wp-json\/wp\/v2\/types\/post"}],"author":[{"embeddable":true,"href":"https:\/\/politicasdelamemoria.org\/en\/wp-json\/wp\/v2\/users\/2"}],"replies":[{"embeddable":true,"href":"https:\/\/politicasdelamemoria.org\/en\/wp-json\/wp\/v2\/comments?post=8483"}],"version-history":[{"count":2,"href":"https:\/\/politicasdelamemoria.org\/en\/wp-json\/wp\/v2\/posts\/8483\/revisions"}],"predecessor-version":[{"id":14779,"href":"https:\/\/politicasdelamemoria.org\/en\/wp-json\/wp\/v2\/posts\/8483\/revisions\/14779"}],"wp:attachment":[{"href":"https:\/\/politicasdelamemoria.org\/en\/wp-json\/wp\/v2\/media?parent=8483"}],"wp:term":[{"taxonomy":"category","embeddable":true,"href":"https:\/\/politicasdelamemoria.org\/en\/wp-json\/wp\/v2\/categories?post=8483"},{"taxonomy":"post_tag","embeddable":true,"href":"https:\/\/politicasdelamemoria.org\/en\/wp-json\/wp\/v2\/tags?post=8483"}],"curies":[{"name":"wp","href":"https:\/\/api.w.org\/{rel}","templated":true}]}}