{"id":8682,"date":"2010-04-14T00:00:00","date_gmt":"2010-04-13T22:00:00","guid":{"rendered":"https:\/\/politicasdelamemoria.org\/2010\/01\/del-rio-angel-2010-prologo-del-rojo-al-negro-republica-guerra-civil-y-represion-en-el-gastor-8\/"},"modified":"2015-06-12T13:10:43","modified_gmt":"2015-06-12T11:10:43","slug":"del-rio-angel-2010-prologo-del-rojo-al-negro-republica-guerra-civil-y-represion-en-el-gastor-8","status":"publish","type":"post","link":"https:\/\/politicasdelamemoria.org\/en\/2010\/04\/del-rio-angel-2010-prologo-del-rojo-al-negro-republica-guerra-civil-y-represion-en-el-gastor-8\/","title":{"rendered":"DEL R\u00cdO, A. (2010) Pr\u00f3logo &#8220;Del rojo al negro. Rep\u00fablica, Guerra Civil y represi\u00f3n en El Gastor, 1931-1946&#8221;"},"content":{"rendered":"<table style=\"width: 98%; border: #999999 0pt solid;\" border=\"0\" cellspacing=\"4\" cellpadding=\"4\">\n<tbody>\n<tr>\n<th width=\"10%\">\n<div style=\"text-align: left;\">DATE<\/div>\n<\/th>\n<th style=\"text-align: left;\" width=\"55%\">TITLE<\/th>\n<th style=\"text-align: left;\" width=\"23%\">AUTHOR<\/th>\n<th style=\"text-align: left;\" width=\"12%\">TYPE<\/th>\n<\/tr>\n<tr>\n<td style=\"width: 15%; text-align: center;\">\n<div>\n<p>2010<\/p>\n<\/div>\n<\/td>\n<td style=\"text-align: left;\"><a href=\"https:\/\/politicasdelamemoria.org\/wp-content\/uploads\/2010\/01\/Pr\u00f3logo-El-Gastor.pdf-1170.pdf\" target=\"_blank\">Pr\u00f3logo &#8220;Del rojo al negro. Rep\u00fablica, Guerra Civil y represi\u00f3n en El Gastor, 1931-1946&#8221;<\/a><\/td>\n<td style=\"width: 25%; text-align: left;\">\u00c1ngel DEL R\u00cdO<\/td>\n<td style=\"text-align: left;\">Chapter<\/td>\n<\/tr>\n<\/tbody>\n<\/table>\n","protected":false},"excerpt":{"rendered":"<p>DATE TITLE AUTHOR TYPE 2010 Pr\u00f3logo &#8220;Del rojo al negro. Rep\u00fablica, Guerra Civil y represi\u00f3n en El Gastor, 1931-1946&#8221; \u00c1ngel DEL R\u00cdO Chapter<\/p>\n","protected":false},"author":2,"featured_media":0,"comment_status":"open","ping_status":"closed","sticky":false,"template":"","format":"standard","meta":{"footnotes":""},"categories":[607,629],"tags":[715,713,714,716],"class_list":["post-8682","post","type-post","status-publish","format-standard","hentry","category-team-publications","category-chapters","tag-migracion-en-2","tag-migracion-en","tag-pdf-en","tag-pdf-en-2"],"_links":{"self":[{"href":"https:\/\/politicasdelamemoria.org\/en\/wp-json\/wp\/v2\/posts\/8682","targetHints":{"allow":["GET"]}}],"collection":[{"href":"https:\/\/politicasdelamemoria.org\/en\/wp-json\/wp\/v2\/posts"}],"about":[{"href":"https:\/\/politicasdelamemoria.org\/en\/wp-json\/wp\/v2\/types\/post"}],"author":[{"embeddable":true,"href":"https:\/\/politicasdelamemoria.org\/en\/wp-json\/wp\/v2\/users\/2"}],"replies":[{"embeddable":true,"href":"https:\/\/politicasdelamemoria.org\/en\/wp-json\/wp\/v2\/comments?post=8682"}],"version-history":[{"count":0,"href":"https:\/\/politicasdelamemoria.org\/en\/wp-json\/wp\/v2\/posts\/8682\/revisions"}],"wp:attachment":[{"href":"https:\/\/politicasdelamemoria.org\/en\/wp-json\/wp\/v2\/media?parent=8682"}],"wp:term":[{"taxonomy":"category","embeddable":true,"href":"https:\/\/politicasdelamemoria.org\/en\/wp-json\/wp\/v2\/categories?post=8682"},{"taxonomy":"post_tag","embeddable":true,"href":"https:\/\/politicasdelamemoria.org\/en\/wp-json\/wp\/v2\/tags?post=8682"}],"curies":[{"name":"wp","href":"https:\/\/api.w.org\/{rel}","templated":true}]}}