{"id":9160,"date":"2014-12-17T16:48:06","date_gmt":"2014-12-17T15:48:06","guid":{"rendered":"https:\/\/politicasdelamemoria.org\/2014\/12\/oradour-sur-glane-sobre-la-emergencia-de-un-lugar-de-memoria-glocal-en-francia-2\/"},"modified":"2015-05-09T21:05:17","modified_gmt":"2015-05-09T19:05:17","slug":"oradour-sur-glane-sobre-la-emergencia-de-un-lugar-de-memoria-glocal-en-francia","status":"publish","type":"post","link":"https:\/\/politicasdelamemoria.org\/en\/2014\/12\/oradour-sur-glane-sobre-la-emergencia-de-un-lugar-de-memoria-glocal-en-francia\/","title":{"rendered":"Oradour-sur-Glane: on the emergence of a glocal site of memory in France"},"content":{"rendered":"<div id=\"fvideo\">\n<p><iframe loading=\"lazy\" style=\"width: 100%; height: 400px;\" src=\"http:\/\/www.youtube.com\/embed\/DPufwM2bBBw?feature=oembed\" width=\"300\" height=\"150\" frameborder=\"0\" allowfullscreen=\"allowfullscreen\"><\/iframe><\/p>\n<div>\n<div>\n<p><em><em><strong>\u00a0<\/strong><\/em><\/em><\/p>\n<p><em><a href=\"https:\/\/politicasdelamemoria.org\/wp-content\/uploads\/2015\/02\/50-752-1-PB.jpg\"><img loading=\"lazy\" decoding=\"async\" class=\"  wp-image-3574 alignleft\" src=\"https:\/\/politicasdelamemoria.org\/wp-content\/uploads\/2015\/02\/50-752-1-PB-213x300.jpg\" alt=\"50-752-1-PB\" width=\"200\" height=\"282\" srcset=\"https:\/\/politicasdelamemoria.org\/wp-content\/uploads\/2015\/02\/50-752-1-PB-213x300.jpg 213w, https:\/\/politicasdelamemoria.org\/wp-content\/uploads\/2015\/02\/50-752-1-PB-450x635.jpg 450w, https:\/\/politicasdelamemoria.org\/wp-content\/uploads\/2015\/02\/50-752-1-PB.jpg 495w\" sizes=\"auto, (max-width: 200px) 100vw, 200px\" \/><\/a><\/em><\/p>\n<p><strong>Lecture by Eva L\u00e9ger (Universit\u00e9 Paris Ouest Nanterre &#8211; La D\u00e9fense)<\/strong><\/p>\n<p><strong>Wednesday, December 17, 2014<\/strong><\/p>\n<p><strong>12:00 \u2013 14:00 hours<\/strong><\/p>\n<p>&#8220;Mar\u00eda Moliner&#8221; Room (1F8)<br \/>\nCentro de Ciencias Humanas y Sociales, CSIC<br \/>\nC\/Albasanz, 26-28<br \/>\nMetro Suanzes<\/p>\n<p>Free entry<\/p>\n<p><strong><a style=\"color: #f89a20; text-decoration: none;\" href=\"http:\/\/www.cchs.csic.es\/es\/content\/%C2%BFc%C3%B3mo-llegar\" target=\"_blank\">How to get there?<\/a><\/strong><\/p>\n<\/div>\n<\/div>\n<\/div>\n","protected":false},"excerpt":{"rendered":"<p>\u00a0 Lecture by Eva L\u00e9ger (Universit\u00e9 Paris Ouest Nanterre &#8211; La D\u00e9fense) Wednesday, December 17, 2014 12:00 \u2013 14:00 hours &#8220;Mar\u00eda Moliner&#8221; Room (1F8) Centro de Ciencias Humanas y Sociales, CSIC C\/Albasanz, 26-28 Metro Suanzes Free entry How to get there?<\/p>\n","protected":false},"author":7,"featured_media":9402,"comment_status":"open","ping_status":"closed","sticky":false,"template":"","format":"standard","meta":{"footnotes":""},"categories":[602],"tags":[],"class_list":["post-9160","post","type-post","status-publish","format-standard","has-post-thumbnail","hentry","category-enfaces-and-traces-of-violence-lecture-series-en","has-post-video"],"_links":{"self":[{"href":"https:\/\/politicasdelamemoria.org\/en\/wp-json\/wp\/v2\/posts\/9160","targetHints":{"allow":["GET"]}}],"collection":[{"href":"https:\/\/politicasdelamemoria.org\/en\/wp-json\/wp\/v2\/posts"}],"about":[{"href":"https:\/\/politicasdelamemoria.org\/en\/wp-json\/wp\/v2\/types\/post"}],"author":[{"embeddable":true,"href":"https:\/\/politicasdelamemoria.org\/en\/wp-json\/wp\/v2\/users\/7"}],"replies":[{"embeddable":true,"href":"https:\/\/politicasdelamemoria.org\/en\/wp-json\/wp\/v2\/comments?post=9160"}],"version-history":[{"count":0,"href":"https:\/\/politicasdelamemoria.org\/en\/wp-json\/wp\/v2\/posts\/9160\/revisions"}],"wp:featuredmedia":[{"embeddable":true,"href":"https:\/\/politicasdelamemoria.org\/en\/wp-json\/wp\/v2\/media\/9402"}],"wp:attachment":[{"href":"https:\/\/politicasdelamemoria.org\/en\/wp-json\/wp\/v2\/media?parent=9160"}],"wp:term":[{"taxonomy":"category","embeddable":true,"href":"https:\/\/politicasdelamemoria.org\/en\/wp-json\/wp\/v2\/categories?post=9160"},{"taxonomy":"post_tag","embeddable":true,"href":"https:\/\/politicasdelamemoria.org\/en\/wp-json\/wp\/v2\/tags?post=9160"}],"curies":[{"name":"wp","href":"https:\/\/api.w.org\/{rel}","templated":true}]}}